{"id":48505,"date":"2022-04-05T14:37:09","date_gmt":"2022-04-05T19:37:09","guid":{"rendered":"https:\/\/nvnoticias.mx\/?p=48505"},"modified":"2022-04-05T14:37:09","modified_gmt":"2022-04-05T19:37:09","slug":"acuerdan-ayuntamiento-y-gaseras-practicas-seguras-en-mercados-hogares-y-negocios","status":"publish","type":"post","link":"https:\/\/nvnoticias.mx\/index.php\/2022\/04\/05\/acuerdan-ayuntamiento-y-gaseras-practicas-seguras-en-mercados-hogares-y-negocios\/","title":{"rendered":"Acuerdan Ayuntamiento y gaseras pr\u00e1cticas seguras en mercados, hogares y negocios"},"content":{"rendered":"\n<p>Habr\u00e1 colaboraci\u00f3n con locatarios de mercados municipales para la mejora de la seguridad<\/p>\n\n\n\n<p>Xalapa, Ver.- Para evitar alguna emergencia o accidente que lamentar, el Ayuntamiento, a trav\u00e9s de la Direcci\u00f3n de Protecci\u00f3n Civil Municipal, acord\u00f3 con representantes de las principales empresas gaseras presentes en el territorio, la realizaci\u00f3n de acciones particulares en favor de la seguridad de la ciudadan\u00eda.<\/p>\n\n\n\n<p>Entre los acuerdos destaca el establecimiento de una carga m\u00e1xima de 80 por ciento para tanques estacionarios en temporada de altas temperaturas, con el fin de evitar que la expansi\u00f3n del combustible derive en aver\u00edas y posteriores fugas en las instalaciones de gas.<\/p>\n\n\n\n<p>Adem\u00e1s, la verificaci\u00f3n del estado que guardan tanques, v\u00e1lvulas, llaves e instalaciones en mercados municipales y comercios, con el compromiso de notificar a la Direcci\u00f3n de Protecci\u00f3n Civil Municipal cualquier anomal\u00eda y restringir el servicio de carga hasta no solucionar las problem\u00e1ticas identificadas.<\/p>\n\n\n\n<p>El presidente municipal Ricardo Ahued Bardahuil afirm\u00f3 que desde el Ayuntamiento, a trav\u00e9s de la Direcci\u00f3n de Desarrollo Econ\u00f3mico, habr\u00e1 colaboraci\u00f3n con locatarias y locatarios para lograr la regularizaci\u00f3n de sus tomas de gas y que se pueda seguir prestando un servicio de calidad, pero sobre todo, con seguridad.<\/p>\n\n\n\n<figure class=\"wp-block-image size-large\"><img loading=\"lazy\" decoding=\"async\" width=\"1024\" height=\"599\" src=\"https:\/\/nvnoticias.mx\/wp-content\/uploads\/2022\/04\/WhatsApp-Image-2022-04-05-at-2.29.44-PM-1024x599.jpeg\" alt=\"\" class=\"wp-image-48506\" srcset=\"https:\/\/nvnoticias.mx\/wp-content\/uploads\/2022\/04\/WhatsApp-Image-2022-04-05-at-2.29.44-PM-1024x599.jpeg 1024w, https:\/\/nvnoticias.mx\/wp-content\/uploads\/2022\/04\/WhatsApp-Image-2022-04-05-at-2.29.44-PM-300x175.jpeg 300w, https:\/\/nvnoticias.mx\/wp-content\/uploads\/2022\/04\/WhatsApp-Image-2022-04-05-at-2.29.44-PM-768x449.jpeg 768w, https:\/\/nvnoticias.mx\/wp-content\/uploads\/2022\/04\/WhatsApp-Image-2022-04-05-at-2.29.44-PM.jpeg 1502w\" sizes=\"auto, (max-width: 1024px) 100vw, 1024px\" \/><\/figure>\n\n\n\n<p>Reiter\u00f3 que el olor a gas que a\u00fan persiste en el primer cuadro de la ciudad corresponde a niveles de contaminaci\u00f3n que no representan riesgo alguno y que desaparecer\u00e1n con el flujo natural de las aguas en pr\u00f3ximos d\u00edas.<\/p>\n\n\n\n<p>Asistieron el director de Protecci\u00f3n Civil Municipal, Luis Sardi\u00f1a Salgado; el gerente de Gas Xalapa, Juan Carlos Velasco Garc\u00eda; el gerente de Gas Express Nieto, Jos\u00e9 Guadalupe Castillo Car\u00faz; el representante de seguridad industrial de Gas Express Nieto, Gabriel Romero Garc\u00eda; el gerente de Gas del Atl\u00e1ntico, Juan Carlos M\u00e1rquez; el jefe de ventas de Gas del Atl\u00e1ntico, V\u00edctor Gonz\u00e1lez D\u00e1vila; el encargado de la planta M\u00e1s Gas Xalapa y Orestes Uriel Guerrero L\u00f3pez.<\/p>\n\n\n\n<figure class=\"wp-block-image size-large\"><img loading=\"lazy\" decoding=\"async\" width=\"1024\" height=\"692\" src=\"https:\/\/nvnoticias.mx\/wp-content\/uploads\/2022\/04\/WhatsApp-Image-2022-04-05-at-2.29.44-PM-1-1024x692.jpeg\" alt=\"\" class=\"wp-image-48507\" srcset=\"https:\/\/nvnoticias.mx\/wp-content\/uploads\/2022\/04\/WhatsApp-Image-2022-04-05-at-2.29.44-PM-1-1024x692.jpeg 1024w, https:\/\/nvnoticias.mx\/wp-content\/uploads\/2022\/04\/WhatsApp-Image-2022-04-05-at-2.29.44-PM-1-300x203.jpeg 300w, https:\/\/nvnoticias.mx\/wp-content\/uploads\/2022\/04\/WhatsApp-Image-2022-04-05-at-2.29.44-PM-1-768x519.jpeg 768w, https:\/\/nvnoticias.mx\/wp-content\/uploads\/2022\/04\/WhatsApp-Image-2022-04-05-at-2.29.44-PM-1-1536x1038.jpeg 1536w, https:\/\/nvnoticias.mx\/wp-content\/uploads\/2022\/04\/WhatsApp-Image-2022-04-05-at-2.29.44-PM-1.jpeg 1598w\" sizes=\"auto, (max-width: 1024px) 100vw, 1024px\" \/><\/figure>\n\n\n\n<p><\/p>\n","protected":false},"excerpt":{"rendered":"<p>Habr\u00e1 colaboraci\u00f3n con locatarios de mercados municipales para la mejora de la seguridad Xalapa, Ver.- Para evitar alguna emergencia o accidente que lamentar, el Ayuntamiento, a trav\u00e9s de la Direcci\u00f3n de Protecci\u00f3n Civil Municipal, acord\u00f3 con representantes de las principales empresas gaseras presentes en el territorio, la realizaci\u00f3n de acciones particulares en favor de la [&hellip;]<\/p>\n","protected":false},"author":8,"featured_media":48508,"comment_status":"open","ping_status":"open","sticky":false,"template":"","format":"standard","meta":{"_monsterinsights_skip_tracking":false,"_monsterinsights_sitenote_active":false,"_monsterinsights_sitenote_note":"","_monsterinsights_sitenote_category":0,"footnotes":""},"categories":[156],"tags":[2468,10426,6939,1086],"class_list":["post-48505","post","type-post","status-publish","format-standard","has-post-thumbnail","hentry","category-estado","tag-acuerdo","tag-ayuntamiento-de-xalapa","tag-gaseras","tag-ricardo-ahued","wp-image-borders"],"amp_enabled":true,"_links":{"self":[{"href":"https:\/\/nvnoticias.mx\/index.php\/wp-json\/wp\/v2\/posts\/48505","targetHints":{"allow":["GET"]}}],"collection":[{"href":"https:\/\/nvnoticias.mx\/index.php\/wp-json\/wp\/v2\/posts"}],"about":[{"href":"https:\/\/nvnoticias.mx\/index.php\/wp-json\/wp\/v2\/types\/post"}],"author":[{"embeddable":true,"href":"https:\/\/nvnoticias.mx\/index.php\/wp-json\/wp\/v2\/users\/8"}],"replies":[{"embeddable":true,"href":"https:\/\/nvnoticias.mx\/index.php\/wp-json\/wp\/v2\/comments?post=48505"}],"version-history":[{"count":1,"href":"https:\/\/nvnoticias.mx\/index.php\/wp-json\/wp\/v2\/posts\/48505\/revisions"}],"predecessor-version":[{"id":48509,"href":"https:\/\/nvnoticias.mx\/index.php\/wp-json\/wp\/v2\/posts\/48505\/revisions\/48509"}],"wp:featuredmedia":[{"embeddable":true,"href":"https:\/\/nvnoticias.mx\/index.php\/wp-json\/wp\/v2\/media\/48508"}],"wp:attachment":[{"href":"https:\/\/nvnoticias.mx\/index.php\/wp-json\/wp\/v2\/media?parent=48505"}],"wp:term":[{"taxonomy":"category","embeddable":true,"href":"https:\/\/nvnoticias.mx\/index.php\/wp-json\/wp\/v2\/categories?post=48505"},{"taxonomy":"post_tag","embeddable":true,"href":"https:\/\/nvnoticias.mx\/index.php\/wp-json\/wp\/v2\/tags?post=48505"}],"curies":[{"name":"wp","href":"https:\/\/api.w.org\/{rel}","templated":true}]}}