{"id":48456,"date":"2022-04-05T12:38:09","date_gmt":"2022-04-05T17:38:09","guid":{"rendered":"https:\/\/nvnoticias.mx\/?p=48456"},"modified":"2022-04-05T12:38:11","modified_gmt":"2022-04-05T17:38:11","slug":"ataque-entre-policias-y-presuntos-delincuentes-estaria-relacionado-con-banda-de-el-anulabas","status":"publish","type":"post","link":"https:\/\/nvnoticias.mx\/index.php\/2022\/04\/05\/ataque-entre-policias-y-presuntos-delincuentes-estaria-relacionado-con-banda-de-el-anulabas\/","title":{"rendered":"Ataque entre polic\u00edas y presuntos delincuentes estar\u00eda relacionado con banda de El anulabas"},"content":{"rendered":"\n<p><strong>Sam Ojeda \/ NV Noticias<\/strong><\/p>\n\n\n\n<p>Xalapa.- El gobernador Cuitl\u00e1huac Garc\u00eda Jim\u00e9nez coment\u00f3 que en el enfrentamiento armado que se registr\u00f3 la madrugada de este martes sobre la carretera federal Acultzingo-Tehuac\u00e1n, a la altura de Linda Vista, habr\u00eda sido operada por miembros de la banda de Roberto de los Santos, alias \u201cEl anulabas\u201d.<\/p>\n\n\n\n<p>Se\u00f1alo que elementos de la Secretar\u00eda de Seguridad P\u00fablica (SSP) respondieron al llamado sobre la presencia de personas armadas en la zona y que al llegar fueron atacados.<\/p>\n\n\n\n<blockquote class=\"wp-block-quote is-layout-flow wp-block-quote-is-layout-flow\"><p>\u201c<em>Pensamos que pertenecen a uno de los grupos delincuenciales de la zona liderado por el \u2018Bukanas<\/em>\u2019\u201d.<\/p><\/blockquote>\n\n\n\n<p>Y neg\u00f3 que se trata de una agresi\u00f3n entre polic\u00edas y autodefensas y agreg\u00f3 que no hubo bajas de polic\u00edas pero s\u00ed de quienes habr\u00edan agredido a los elementos.<\/p>\n\n\n\n<blockquote class=\"wp-block-quote is-layout-flow wp-block-quote-is-layout-flow\"><p>\u201c<em>No son autodefensas, simplemente ante un llamando al 911 sobre personas armadas acudieron y los elementos fueron atacados. Lo que se hizo inmediatamente fue reportar el geco y la Fiscal\u00eda har\u00e1 la investigaci\u00f3n, no hubo baja de elementos solamente de quienes agredieron\u201d<\/em>.<\/p><\/blockquote>\n\n\n\n<p>El mandatario se\u00f1al\u00f3 que la p\u00e9rdida de vidas humanas es lamentable, pero ser\u00e1 la Fiscal\u00eda General de Veracruz la instancia que dar\u00e1 a conocer los resultados de esta investigaci\u00f3n.<\/p>\n","protected":false},"excerpt":{"rendered":"<p>Sam Ojeda \/ NV Noticias Xalapa.- El gobernador Cuitl\u00e1huac Garc\u00eda Jim\u00e9nez coment\u00f3 que en el enfrentamiento armado que se registr\u00f3 la madrugada de este martes sobre la carretera federal Acultzingo-Tehuac\u00e1n, a la altura de Linda Vista, habr\u00eda sido operada por miembros de la banda de Roberto de los Santos, alias \u201cEl anulabas\u201d. Se\u00f1alo que elementos [&hellip;]<\/p>\n","protected":false},"author":8,"featured_media":48458,"comment_status":"open","ping_status":"open","sticky":false,"template":"","format":"standard","meta":{"_monsterinsights_skip_tracking":false,"_monsterinsights_sitenote_active":false,"_monsterinsights_sitenote_note":"","_monsterinsights_sitenote_category":0,"footnotes":""},"categories":[156],"tags":[2438,3458,1087],"class_list":["post-48456","post","type-post","status-publish","format-standard","has-post-thumbnail","hentry","category-estado","tag-ataque","tag-delincuentes","tag-policias","wp-image-borders"],"amp_enabled":true,"_links":{"self":[{"href":"https:\/\/nvnoticias.mx\/index.php\/wp-json\/wp\/v2\/posts\/48456","targetHints":{"allow":["GET"]}}],"collection":[{"href":"https:\/\/nvnoticias.mx\/index.php\/wp-json\/wp\/v2\/posts"}],"about":[{"href":"https:\/\/nvnoticias.mx\/index.php\/wp-json\/wp\/v2\/types\/post"}],"author":[{"embeddable":true,"href":"https:\/\/nvnoticias.mx\/index.php\/wp-json\/wp\/v2\/users\/8"}],"replies":[{"embeddable":true,"href":"https:\/\/nvnoticias.mx\/index.php\/wp-json\/wp\/v2\/comments?post=48456"}],"version-history":[{"count":1,"href":"https:\/\/nvnoticias.mx\/index.php\/wp-json\/wp\/v2\/posts\/48456\/revisions"}],"predecessor-version":[{"id":48459,"href":"https:\/\/nvnoticias.mx\/index.php\/wp-json\/wp\/v2\/posts\/48456\/revisions\/48459"}],"wp:featuredmedia":[{"embeddable":true,"href":"https:\/\/nvnoticias.mx\/index.php\/wp-json\/wp\/v2\/media\/48458"}],"wp:attachment":[{"href":"https:\/\/nvnoticias.mx\/index.php\/wp-json\/wp\/v2\/media?parent=48456"}],"wp:term":[{"taxonomy":"category","embeddable":true,"href":"https:\/\/nvnoticias.mx\/index.php\/wp-json\/wp\/v2\/categories?post=48456"},{"taxonomy":"post_tag","embeddable":true,"href":"https:\/\/nvnoticias.mx\/index.php\/wp-json\/wp\/v2\/tags?post=48456"}],"curies":[{"name":"wp","href":"https:\/\/api.w.org\/{rel}","templated":true}]}}