{"id":48421,"date":"2022-04-05T09:48:00","date_gmt":"2022-04-05T14:48:00","guid":{"rendered":"https:\/\/nvnoticias.mx\/?p=48421"},"modified":"2022-04-05T09:48:02","modified_gmt":"2022-04-05T14:48:02","slug":"busca-qatar-airways-volar-a-mexico-operando-desde-el-aifa","status":"publish","type":"post","link":"https:\/\/nvnoticias.mx\/index.php\/2022\/04\/05\/busca-qatar-airways-volar-a-mexico-operando-desde-el-aifa\/","title":{"rendered":"Busca Qatar Airways volar a M\u00e9xico operando desde el AIFA"},"content":{"rendered":"\n<p><strong>Marcelo Ebrard,<\/strong>&nbsp;secretario de Relaciones Exteriores (SRE), inform\u00f3 este martes que la aerol\u00ednea&nbsp;<strong>Qatar Airways<\/strong>, una de las m\u00e1s grandes del mundo, busca volar a M\u00e9xico operando desde el nuevo&nbsp;Aeropuerto Internacional Felipe \u00c1ngeles&nbsp;(<strong>AIFA<\/strong>), inaugurado el pasado 21 de marzo.<\/p>\n\n\n\n<p>En conferencia de prensa del presidente Andr\u00e9s Manuel L\u00f3pez Obrador, el canciller detall\u00f3 que esta semana el gobierno mexicano iniciar\u00e1n negociaciones con esta aerol\u00ednea.&nbsp;<\/p>\n\n\n\n<p>\u201cQatar Airways nos dijo por voz del CEO de Qatar que quieren volar al AIFA, por lo tanto esta semana iniciaremos ya las negociaciones con ellos, una de las l\u00edneas mas grande del mundo\u201d, dijo.&nbsp;<\/p>\n\n\n\n<p>Al dar un informe de su gira de trabajo por Medio Oriente, en la que estuvo acompa\u00f1ado con empresarios mexicanos, el titular de la pol\u00edtica exterior indic\u00f3 que se celebraron reuniones con c\u00e1maras y ministerios de comercios de Arabia Saudita, Qatar, Emiratos Arabes Unidos e India.&nbsp;<\/p>\n\n\n\n<p>Se\u00f1al\u00f3 que esto abre oportunidades para inversiones en sectores tur\u00edsticos, temas de innovaci\u00f3n e inmobiliario.\u00a0En este sentido, el canciller anunci\u00f3 que se abrir\u00e1 un pr\u00f3ximo consulado en Mumbai, India, para promover negocios.<\/p>\n\n\n\n<p>Fuente:<a href=\"https:\/\/www.eluniversal.com.mx\/nacion\/qatar-airways-busca-volar-mexico-traves-del-aifa-ebrard\" data-type=\"URL\" data-id=\"https:\/\/www.eluniversal.com.mx\/nacion\/qatar-airways-busca-volar-mexico-traves-del-aifa-ebrard\"> El Universal<\/a> <\/p>\n","protected":false},"excerpt":{"rendered":"<p>Marcelo Ebrard,&nbsp;secretario de Relaciones Exteriores (SRE), inform\u00f3 este martes que la aerol\u00ednea&nbsp;Qatar Airways, una de las m\u00e1s grandes del mundo, busca volar a M\u00e9xico operando desde el nuevo&nbsp;Aeropuerto Internacional Felipe \u00c1ngeles&nbsp;(AIFA), inaugurado el pasado 21 de marzo. En conferencia de prensa del presidente Andr\u00e9s Manuel L\u00f3pez Obrador, el canciller detall\u00f3 que esta semana el gobierno [&hellip;]<\/p>\n","protected":false},"author":35,"featured_media":20684,"comment_status":"open","ping_status":"open","sticky":false,"template":"","format":"standard","meta":{"_monsterinsights_skip_tracking":false,"_monsterinsights_sitenote_active":false,"_monsterinsights_sitenote_note":"","_monsterinsights_sitenote_category":0,"footnotes":""},"categories":[157],"tags":[6165,9048,292,12987,12985,12986],"class_list":["post-48421","post","type-post","status-publish","format-standard","has-post-thumbnail","hentry","category-nacional","tag-aifa","tag-busca","tag-mexico","tag-operando","tag-qatar-airways","tag-volar","wp-image-borders"],"amp_enabled":true,"_links":{"self":[{"href":"https:\/\/nvnoticias.mx\/index.php\/wp-json\/wp\/v2\/posts\/48421","targetHints":{"allow":["GET"]}}],"collection":[{"href":"https:\/\/nvnoticias.mx\/index.php\/wp-json\/wp\/v2\/posts"}],"about":[{"href":"https:\/\/nvnoticias.mx\/index.php\/wp-json\/wp\/v2\/types\/post"}],"author":[{"embeddable":true,"href":"https:\/\/nvnoticias.mx\/index.php\/wp-json\/wp\/v2\/users\/35"}],"replies":[{"embeddable":true,"href":"https:\/\/nvnoticias.mx\/index.php\/wp-json\/wp\/v2\/comments?post=48421"}],"version-history":[{"count":3,"href":"https:\/\/nvnoticias.mx\/index.php\/wp-json\/wp\/v2\/posts\/48421\/revisions"}],"predecessor-version":[{"id":48424,"href":"https:\/\/nvnoticias.mx\/index.php\/wp-json\/wp\/v2\/posts\/48421\/revisions\/48424"}],"wp:featuredmedia":[{"embeddable":true,"href":"https:\/\/nvnoticias.mx\/index.php\/wp-json\/wp\/v2\/media\/20684"}],"wp:attachment":[{"href":"https:\/\/nvnoticias.mx\/index.php\/wp-json\/wp\/v2\/media?parent=48421"}],"wp:term":[{"taxonomy":"category","embeddable":true,"href":"https:\/\/nvnoticias.mx\/index.php\/wp-json\/wp\/v2\/categories?post=48421"},{"taxonomy":"post_tag","embeddable":true,"href":"https:\/\/nvnoticias.mx\/index.php\/wp-json\/wp\/v2\/tags?post=48421"}],"curies":[{"name":"wp","href":"https:\/\/api.w.org\/{rel}","templated":true}]}}