{"id":48409,"date":"2022-04-05T09:33:46","date_gmt":"2022-04-05T14:33:46","guid":{"rendered":"https:\/\/nvnoticias.mx\/?p=48409"},"modified":"2022-04-05T09:33:48","modified_gmt":"2022-04-05T14:33:48","slug":"anuncia-lopez-gatell-operativo-especial-en-abril","status":"publish","type":"post","link":"https:\/\/nvnoticias.mx\/index.php\/2022\/04\/05\/anuncia-lopez-gatell-operativo-especial-en-abril\/","title":{"rendered":"Anuncia L\u00f3pez-Gatell operativo especial en abril"},"content":{"rendered":"\n<p>El Gobierno Federal pondr\u00e1n en marcha un&nbsp;<strong>operativo especial en abril&nbsp;<\/strong>para reducir la brecha de vacunaci\u00f3n en adultos en todo el pa\u00eds, dio a conocer este martes el subsecretario de Salud, Hugo L\u00f3pez-Gatell.<\/p>\n\n\n\n<p>Para lograr este prop\u00f3sito se contar\u00e1 con el apoyo de los gobiernos estatales. En los pr\u00f3ximos d\u00edas se informar\u00e1 a detalle en qu\u00e9 consistir\u00e1 este plan.<\/p>\n\n\n\n<p>El funcionario se volvi\u00f3 a presentar este martes en la secci\u00f3n del Pulso de la Salud con noticias esperanzadoras pues anunci\u00f3 que\u00a0M\u00e9xico ha logrado sumar 10 semanas de reducci\u00f3n continua\u00a0de casos COVID durante la cuarta ola.<\/p>\n\n\n\n<p>La reducci\u00f3n de contagios se atribuye a la\u00a0amplia cobertura de vacunaci\u00f3n\u00a0que logrado dejar al pa\u00eds con la peque\u00f1a proporci\u00f3n del 0.1 por ciento de casos activos, sin embargo los esfuerzos para combatir la pandemia deben continuar.<\/p>\n\n\n\n<blockquote class=\"wp-block-quote is-layout-flow wp-block-quote-is-layout-flow\"><p>\u201cYa son mejores los resultados pero debemos de continuar atendiendo este problema que nos afect\u00f3 much\u00edsimo, en lo que corresponde a nuestro gobierno fue el principal desaf\u00edo que enfrentamos\u201d, coment\u00f3 el presidente L\u00f3pez Obrador.<\/p><\/blockquote>\n\n\n\n<p>De frente al rebrote provocado por la propagaci\u00f3n de \u00f3micron en China, el gobierno sigue exhortando a la poblaci\u00f3n a vacunarse y as\u00ed evitar las graves consecuencias del coronavirus.<\/p>\n\n\n\n<blockquote class=\"wp-block-quote is-layout-flow wp-block-quote-is-layout-flow\"><p>\u201cQue las personas no se conf\u00eden, si regresa el COVID, las\u00a0personas no inmunizadas completamente\u00a0est\u00e1n en riesgo de enfrentar enfermedad de importancia\u201d, record\u00f3 L\u00f3pez-Gatell.<\/p><\/blockquote>\n\n\n\n<p>Hasta el momento, se ha logrado una reducci\u00f3n sostenida del 98 por ciento de las hospitalizaciones y de las muertes por COVID, a comparaci\u00f3n de los m\u00e1ximos hist\u00f3ricos de la segunda ola.<\/p>\n\n\n\n<p>Con la Estrategia de Vacunaci\u00f3n se ha protegido al 87 por ciento de la poblaci\u00f3n del pa\u00eds, lo que equivale a 85 millones de personas con al menos una dosis y\u00a098 millones de personas inmunizadas de 14 a\u00f1os o m\u00e1s.<\/p>\n\n\n\n<p>En cuanto a la aplicaci\u00f3n de refuerzos, se ha logrado una cobertura del 75 por ciento de la poblaci\u00f3n de 60 a\u00f1os y m\u00e1s; del 52 por ciento de 40 a 59 a\u00f1os y del 47 por ciento en adultos de 18 a 39 a\u00f1os.<\/p>\n\n\n\n<p>Fuente:<a href=\"https:\/\/www.elfinanciero.com.mx\/nacional\/2022\/04\/05\/vacunacion-covid-a-adultos-lopez-gatell-anuncia-operativo-especial-en-abril\/?outputType=amp\" data-type=\"URL\" data-id=\"https:\/\/www.elfinanciero.com.mx\/nacional\/2022\/04\/05\/vacunacion-covid-a-adultos-lopez-gatell-anuncia-operativo-especial-en-abril\/?outputType=amp\"> El financiero<\/a> <\/p>\n","protected":false},"excerpt":{"rendered":"<p>El Gobierno Federal pondr\u00e1n en marcha un&nbsp;operativo especial en abril&nbsp;para reducir la brecha de vacunaci\u00f3n en adultos en todo el pa\u00eds, dio a conocer este martes el subsecretario de Salud, Hugo L\u00f3pez-Gatell. Para lograr este prop\u00f3sito se contar\u00e1 con el apoyo de los gobiernos estatales. En los pr\u00f3ximos d\u00edas se informar\u00e1 a detalle en qu\u00e9 [&hellip;]<\/p>\n","protected":false},"author":35,"featured_media":22400,"comment_status":"open","ping_status":"open","sticky":false,"template":"","format":"standard","meta":{"_monsterinsights_skip_tracking":false,"_monsterinsights_sitenote_active":false,"_monsterinsights_sitenote_note":"","_monsterinsights_sitenote_category":0,"footnotes":""},"categories":[157],"tags":[7791,358,12974,1010,290,162],"class_list":["post-48409","post","type-post","status-publish","format-standard","has-post-thumbnail","hentry","category-nacional","tag-anuncia","tag-covid","tag-especial","tag-hugo-lopez-gatell","tag-operativo","tag-portada","wp-image-borders"],"amp_enabled":true,"_links":{"self":[{"href":"https:\/\/nvnoticias.mx\/index.php\/wp-json\/wp\/v2\/posts\/48409","targetHints":{"allow":["GET"]}}],"collection":[{"href":"https:\/\/nvnoticias.mx\/index.php\/wp-json\/wp\/v2\/posts"}],"about":[{"href":"https:\/\/nvnoticias.mx\/index.php\/wp-json\/wp\/v2\/types\/post"}],"author":[{"embeddable":true,"href":"https:\/\/nvnoticias.mx\/index.php\/wp-json\/wp\/v2\/users\/35"}],"replies":[{"embeddable":true,"href":"https:\/\/nvnoticias.mx\/index.php\/wp-json\/wp\/v2\/comments?post=48409"}],"version-history":[{"count":6,"href":"https:\/\/nvnoticias.mx\/index.php\/wp-json\/wp\/v2\/posts\/48409\/revisions"}],"predecessor-version":[{"id":48415,"href":"https:\/\/nvnoticias.mx\/index.php\/wp-json\/wp\/v2\/posts\/48409\/revisions\/48415"}],"wp:featuredmedia":[{"embeddable":true,"href":"https:\/\/nvnoticias.mx\/index.php\/wp-json\/wp\/v2\/media\/22400"}],"wp:attachment":[{"href":"https:\/\/nvnoticias.mx\/index.php\/wp-json\/wp\/v2\/media?parent=48409"}],"wp:term":[{"taxonomy":"category","embeddable":true,"href":"https:\/\/nvnoticias.mx\/index.php\/wp-json\/wp\/v2\/categories?post=48409"},{"taxonomy":"post_tag","embeddable":true,"href":"https:\/\/nvnoticias.mx\/index.php\/wp-json\/wp\/v2\/tags?post=48409"}],"curies":[{"name":"wp","href":"https:\/\/api.w.org\/{rel}","templated":true}]}}