{"id":48112,"date":"2022-04-02T13:17:22","date_gmt":"2022-04-02T19:17:22","guid":{"rendered":"https:\/\/nvnoticias.mx\/?p=48112"},"modified":"2022-04-02T13:17:23","modified_gmt":"2022-04-02T19:17:23","slug":"marchan-en-xalapa-para-hacer-conciencia-sobre-autismo","status":"publish","type":"post","link":"https:\/\/nvnoticias.mx\/index.php\/2022\/04\/02\/marchan-en-xalapa-para-hacer-conciencia-sobre-autismo\/","title":{"rendered":"Marchan en Xalapa para hacer conciencia sobre autismo"},"content":{"rendered":"\n<p><strong>Sam Ojeda\u00a0| NV Noticias<\/strong><br>Xalapa.- Familias y organizaciones civiles realizaron una caminata en Xalapa en el marco del D\u00eda Mundial para la Concienciaci\u00f3n del Autismo.\u00a0<\/p>\n\n\n\n<p>Las familias marcharon desde el Teatro del Estado hacia el Parque Ju\u00e1rez para visibilizar a quienes viven con esta condici\u00f3n y las necesidades pendientes.\u00a0<\/p>\n\n\n\n<p>La directora de INTEGRA, Centro Mexicano para la Neurodiversidad y el Autismo, Rosa Virginia Mart\u00ednez Conde, indic\u00f3 que es urgente que se d\u00e9 a conocer que muchas personas de todas las edades viven con trastorno del espectro autista. \u00a0<\/p>\n\n\n\n<blockquote class=\"wp-block-quote is-layout-flow wp-block-quote-is-layout-flow\"><p><br>&#8220;La idea en una primera instancia es hacer visible a trav\u00e9s de caminar juntos, la presencia del autismo, por otra parte hacer visible que a\u00fan nos falta mucho por hacer y que le debemos mucho a las personas con autismo en todas las edades\u201d.\u00a0<\/p><\/blockquote>\n\n\n\n<p><br>Dijo que se requiere una vinculaci\u00f3n entre instituciones de gobierno y privadas para atender a todas las personas en todos los rincones del estado para realizar acciones de detecci\u00f3n y atenci\u00f3n.\u00a0<\/p>\n\n\n\n<blockquote class=\"wp-block-quote is-layout-flow wp-block-quote-is-layout-flow\"><p><br>&#8220;Creo que lo que falta, es que con el conocimiento que tenemos del autismo, podemos ya empezar a poder concretar programas de detecci\u00f3n, de diagn\u00f3stico y de atenci\u00f3n, creo que es lo que est\u00e1 faltando, bajar todo lo que ya se sabe y realmente ponerlo al servicio de las personas y las familias con autismo&#8221;.<\/p><\/blockquote>\n","protected":false},"excerpt":{"rendered":"<p>Sam Ojeda\u00a0| NV NoticiasXalapa.- Familias y organizaciones civiles realizaron una caminata en Xalapa en el marco del D\u00eda Mundial para la Concienciaci\u00f3n del Autismo.\u00a0 Las familias marcharon desde el Teatro del Estado hacia el Parque Ju\u00e1rez para visibilizar a quienes viven con esta condici\u00f3n y las necesidades pendientes.\u00a0 La directora de INTEGRA, Centro Mexicano para [&hellip;]<\/p>\n","protected":false},"author":35,"featured_media":48113,"comment_status":"open","ping_status":"open","sticky":false,"template":"","format":"standard","meta":{"_monsterinsights_skip_tracking":false,"_monsterinsights_sitenote_active":false,"_monsterinsights_sitenote_note":"","_monsterinsights_sitenote_category":0,"footnotes":""},"categories":[156],"tags":[2779,12865,12786,12125,12866,312],"class_list":["post-48112","post","type-post","status-publish","format-standard","has-post-thumbnail","hentry","category-estado","tag-autismo","tag-conciencia","tag-hacer","tag-marchan","tag-sobre","tag-xalapa","wp-image-borders"],"amp_enabled":true,"_links":{"self":[{"href":"https:\/\/nvnoticias.mx\/index.php\/wp-json\/wp\/v2\/posts\/48112","targetHints":{"allow":["GET"]}}],"collection":[{"href":"https:\/\/nvnoticias.mx\/index.php\/wp-json\/wp\/v2\/posts"}],"about":[{"href":"https:\/\/nvnoticias.mx\/index.php\/wp-json\/wp\/v2\/types\/post"}],"author":[{"embeddable":true,"href":"https:\/\/nvnoticias.mx\/index.php\/wp-json\/wp\/v2\/users\/35"}],"replies":[{"embeddable":true,"href":"https:\/\/nvnoticias.mx\/index.php\/wp-json\/wp\/v2\/comments?post=48112"}],"version-history":[{"count":1,"href":"https:\/\/nvnoticias.mx\/index.php\/wp-json\/wp\/v2\/posts\/48112\/revisions"}],"predecessor-version":[{"id":48114,"href":"https:\/\/nvnoticias.mx\/index.php\/wp-json\/wp\/v2\/posts\/48112\/revisions\/48114"}],"wp:featuredmedia":[{"embeddable":true,"href":"https:\/\/nvnoticias.mx\/index.php\/wp-json\/wp\/v2\/media\/48113"}],"wp:attachment":[{"href":"https:\/\/nvnoticias.mx\/index.php\/wp-json\/wp\/v2\/media?parent=48112"}],"wp:term":[{"taxonomy":"category","embeddable":true,"href":"https:\/\/nvnoticias.mx\/index.php\/wp-json\/wp\/v2\/categories?post=48112"},{"taxonomy":"post_tag","embeddable":true,"href":"https:\/\/nvnoticias.mx\/index.php\/wp-json\/wp\/v2\/tags?post=48112"}],"curies":[{"name":"wp","href":"https:\/\/api.w.org\/{rel}","templated":true}]}}