{"id":48015,"date":"2022-04-01T15:18:19","date_gmt":"2022-04-01T21:18:19","guid":{"rendered":"https:\/\/nvnoticias.mx\/?p=48015"},"modified":"2022-04-01T15:18:21","modified_gmt":"2022-04-01T21:18:21","slug":"reportan-incendio-en-las-faldas-del-pico-de-orizaba","status":"publish","type":"post","link":"https:\/\/nvnoticias.mx\/index.php\/2022\/04\/01\/reportan-incendio-en-las-faldas-del-pico-de-orizaba\/","title":{"rendered":"Reportan incendio en las faldas del Pico de Orizaba"},"content":{"rendered":"\n<p>Se report\u00f3 un incendio en las faldas del Pico de Orizaba, en los municipios de La Perla y Mariano Escobedo en Veracruz. El fuego fue controlado en un 80 por ciento y liquidado en un 45 por ciento. <\/p>\n\n\n\n<p>Personal de las secretar\u00edas de\u00a0Protecci\u00f3n Civil y de Medio Ambiente, as\u00ed como la\u00a0Comisi\u00f3n Nacional Forestal y voluntarios, acudieron a combatir las llamas. <\/p>\n\n\n\n<p>El incendio comenz\u00f3 en la Barranca del Vidrio, en Texmola, en los l\u00edmites con La Perla y se presume que habr\u00eda sido provocado.\u00a0Para combatirlo, se realizaron brechas cortafuego, combate directo y supervisi\u00f3n de l\u00edneas. <\/p>\n\n\n\n<p>Las altas temperaturas y los vientos complicaron las labores de combate del fuego, que afect\u00f3 65 hect\u00e1reas de arbusto, herb\u00e1ceas y \u00e1rboles de renuevo del boque de pino. <\/p>\n\n\n\n<p>Tan s\u00f3lo esta semana, en el estado de Veracruz se registraron m\u00e1s de treinta incendios de pastizales y forestales en diversos municipios. <\/p>\n\n\n\n<p>En un d\u00eda, Coatzacoalcos tuvo 22 incendios de pastizales, seis de ellos de mayor magnitud que ya han sido controlados y sofocados por personal de bomberos y Protecci\u00f3n Civil. <\/p>\n\n\n\n<p>Durante marzo, se atendieron 50 incendios similares, inform\u00f3 el director de Protecci\u00f3n Civil del municipio, David Esponda Cruz. <\/p>\n\n\n\n<figure class=\"wp-block-image\"><img decoding=\"async\" src=\"https:\/\/imagenes.milenio.com\/EVee6FqFP-xqwc1m3hmy2Mv5I8I=\/618x348\/https:\/\/www.milenio.com\/uploads\/media\/2022\/04\/01\/el-incendio-se-reporto-en_0_78_958_570.jpeg\" alt=\"\"\/><\/figure>\n\n\n\n<p>El funcionario municipal advirti\u00f3 que, conforme avance la temporada de estiaje y incremente las temperaturas, los incendios ser\u00e1n cada vez m\u00e1s frecuentes. <\/p>\n\n\n\n<p>Para finalizar marzo, las autoridades\u00a0combatieron incendios en colonias y fraccionamientos como Ciudad Olmeca, Veracruz, Santa Martha, Tr\u00f3pico de la Ribera, Electricistas, Las Barillas y Los Almendros. <\/p>\n\n\n\n<p>Esponda Cruz lament\u00f3 que la mayor\u00eda de los incendios ocurren al quemar basura, tirar colillas de cigarros o dejar desechos como vidrios en terrenos bald\u00edos. <\/p>\n\n\n\n<p>Por ello, recomend\u00f3 no tirar basura en lotes bald\u00edos o zonas de pastizales, no tirar colillas de cigarro y llamar al 911 en caso de que se presente un incendio. <\/p>\n\n\n\n<p>Fuente: <a href=\"https:\/\/www.milenio.com\/estados\/veracruz-reportan-incendio-faldas-pico-orizaba\">Milenio<\/a><\/p>\n","protected":false},"excerpt":{"rendered":"<p>Se report\u00f3 un incendio en las faldas del Pico de Orizaba, en los municipios de La Perla y Mariano Escobedo en Veracruz. El fuego fue controlado en un 80 por ciento y liquidado en un 45 por ciento. Personal de las secretar\u00edas de\u00a0Protecci\u00f3n Civil y de Medio Ambiente, as\u00ed como la\u00a0Comisi\u00f3n Nacional Forestal y voluntarios, [&hellip;]<\/p>\n","protected":false},"author":8,"featured_media":48019,"comment_status":"open","ping_status":"open","sticky":false,"template":"","format":"standard","meta":{"_monsterinsights_skip_tracking":false,"_monsterinsights_sitenote_active":false,"_monsterinsights_sitenote_note":"","_monsterinsights_sitenote_category":0,"footnotes":""},"categories":[156],"tags":[310,4493,9189],"class_list":["post-48015","post","type-post","status-publish","format-standard","has-post-thumbnail","hentry","category-estado","tag-incendio","tag-pico-de-orizaba","tag-pma","wp-image-borders"],"amp_enabled":true,"_links":{"self":[{"href":"https:\/\/nvnoticias.mx\/index.php\/wp-json\/wp\/v2\/posts\/48015","targetHints":{"allow":["GET"]}}],"collection":[{"href":"https:\/\/nvnoticias.mx\/index.php\/wp-json\/wp\/v2\/posts"}],"about":[{"href":"https:\/\/nvnoticias.mx\/index.php\/wp-json\/wp\/v2\/types\/post"}],"author":[{"embeddable":true,"href":"https:\/\/nvnoticias.mx\/index.php\/wp-json\/wp\/v2\/users\/8"}],"replies":[{"embeddable":true,"href":"https:\/\/nvnoticias.mx\/index.php\/wp-json\/wp\/v2\/comments?post=48015"}],"version-history":[{"count":1,"href":"https:\/\/nvnoticias.mx\/index.php\/wp-json\/wp\/v2\/posts\/48015\/revisions"}],"predecessor-version":[{"id":48020,"href":"https:\/\/nvnoticias.mx\/index.php\/wp-json\/wp\/v2\/posts\/48015\/revisions\/48020"}],"wp:featuredmedia":[{"embeddable":true,"href":"https:\/\/nvnoticias.mx\/index.php\/wp-json\/wp\/v2\/media\/48019"}],"wp:attachment":[{"href":"https:\/\/nvnoticias.mx\/index.php\/wp-json\/wp\/v2\/media?parent=48015"}],"wp:term":[{"taxonomy":"category","embeddable":true,"href":"https:\/\/nvnoticias.mx\/index.php\/wp-json\/wp\/v2\/categories?post=48015"},{"taxonomy":"post_tag","embeddable":true,"href":"https:\/\/nvnoticias.mx\/index.php\/wp-json\/wp\/v2\/tags?post=48015"}],"curies":[{"name":"wp","href":"https:\/\/api.w.org\/{rel}","templated":true}]}}