{"id":47995,"date":"2022-04-01T14:12:43","date_gmt":"2022-04-01T20:12:43","guid":{"rendered":"https:\/\/nvnoticias.mx\/?p=47995"},"modified":"2022-04-01T14:12:43","modified_gmt":"2022-04-01T20:12:43","slug":"locatarios-de-plaza-clavijero-se-manifiestan-ante-quejas-por-gruas","status":"publish","type":"post","link":"https:\/\/nvnoticias.mx\/index.php\/2022\/04\/01\/locatarios-de-plaza-clavijero-se-manifiestan-ante-quejas-por-gruas\/","title":{"rendered":"Locatarios de plaza Clavijero se manifiestan ante quejas por gr\u00faas"},"content":{"rendered":"\n<p><strong>Sam Ojeda\u00a0\/ NV Noticias<\/strong><\/p>\n\n\n\n<p>Xalapa.- Este viernes locatarios de la plaza Clavijero se manifestaron para denunciar que hay operativos de gr\u00faas en la zona centro de la ciudad que afectan sus ventas porque sus clientes ya no quieren acudir en sus veh\u00edculos.\u00a0<\/p>\n\n\n\n<p>Gregorio Castel\u00e1n, uno de los locatarios, pidi\u00f3 la intervenci\u00f3n del Gobierno estatal para que la direcci\u00f3n de Tr\u00e1nsito permita que durante 10 minutos las personas que acuden a comprar puedan estacionarse en la calle Clavijero, sin que les impongan multas o les quiten sus unidades.<\/p>\n\n\n\n<blockquote class=\"wp-block-quote is-layout-flow wp-block-quote-is-layout-flow\"><p>&#8220;<em>Estamos solicitando la intervenci\u00f3n del gobierno estatal, m\u00e1s que nada de Tr\u00e1nsito ya que hemos tenido inconvenientes con los clientes que llegan a efectuar sus compras, no tardan mucho en venir a comprar, pero luego luego est\u00e1n en la parte de arriba las gr\u00faas caz\u00e1ndolos<\/em>\u201d.<\/p><\/blockquote>\n\n\n\n<p>Dijo que no se trata de usar esta calle como estacionamiento sino busca la manera en que los clientes tengan espacios para poder hacer sus compras sin el temor de que la gr\u00faa se lleve su autom\u00f3vil.<\/p>\n\n\n\n<blockquote class=\"wp-block-quote is-layout-flow wp-block-quote-is-layout-flow\"><p>&#8220;<em>No queremos tomarlo como estacionamiento, queremos que los clientes compren sus productos y nos apoye Tr\u00e1nsito, es lo queremos, no hay una petici\u00f3n formal, se los hemos hecho de manera verbal, nosotros nos queremos violencia<\/em>\u201d.<\/p><\/blockquote>\n\n\n\n<p>Explic\u00f3 que aunque los fines de semana hay cierta tolerancia para que los veh\u00edculos se estacionen en ciertas calles, piden que esto se haga tambi\u00e9n entre semana para no ahuyentar a los clientes.<\/p>\n","protected":false},"excerpt":{"rendered":"<p>Sam Ojeda\u00a0\/ NV Noticias Xalapa.- Este viernes locatarios de la plaza Clavijero se manifestaron para denunciar que hay operativos de gr\u00faas en la zona centro de la ciudad que afectan sus ventas porque sus clientes ya no quieren acudir en sus veh\u00edculos.\u00a0 Gregorio Castel\u00e1n, uno de los locatarios, pidi\u00f3 la intervenci\u00f3n del Gobierno estatal para [&hellip;]<\/p>\n","protected":false},"author":8,"featured_media":47996,"comment_status":"open","ping_status":"open","sticky":false,"template":"","format":"standard","meta":{"_monsterinsights_skip_tracking":false,"_monsterinsights_sitenote_active":false,"_monsterinsights_sitenote_note":"","_monsterinsights_sitenote_category":0,"footnotes":""},"categories":[156],"tags":[8390,2925,12800,312],"class_list":["post-47995","post","type-post","status-publish","format-standard","has-post-thumbnail","hentry","category-estado","tag-gruas","tag-locatarios","tag-plaza-clavijero","tag-xalapa","wp-image-borders"],"amp_enabled":true,"_links":{"self":[{"href":"https:\/\/nvnoticias.mx\/index.php\/wp-json\/wp\/v2\/posts\/47995","targetHints":{"allow":["GET"]}}],"collection":[{"href":"https:\/\/nvnoticias.mx\/index.php\/wp-json\/wp\/v2\/posts"}],"about":[{"href":"https:\/\/nvnoticias.mx\/index.php\/wp-json\/wp\/v2\/types\/post"}],"author":[{"embeddable":true,"href":"https:\/\/nvnoticias.mx\/index.php\/wp-json\/wp\/v2\/users\/8"}],"replies":[{"embeddable":true,"href":"https:\/\/nvnoticias.mx\/index.php\/wp-json\/wp\/v2\/comments?post=47995"}],"version-history":[{"count":1,"href":"https:\/\/nvnoticias.mx\/index.php\/wp-json\/wp\/v2\/posts\/47995\/revisions"}],"predecessor-version":[{"id":47997,"href":"https:\/\/nvnoticias.mx\/index.php\/wp-json\/wp\/v2\/posts\/47995\/revisions\/47997"}],"wp:featuredmedia":[{"embeddable":true,"href":"https:\/\/nvnoticias.mx\/index.php\/wp-json\/wp\/v2\/media\/47996"}],"wp:attachment":[{"href":"https:\/\/nvnoticias.mx\/index.php\/wp-json\/wp\/v2\/media?parent=47995"}],"wp:term":[{"taxonomy":"category","embeddable":true,"href":"https:\/\/nvnoticias.mx\/index.php\/wp-json\/wp\/v2\/categories?post=47995"},{"taxonomy":"post_tag","embeddable":true,"href":"https:\/\/nvnoticias.mx\/index.php\/wp-json\/wp\/v2\/tags?post=47995"}],"curies":[{"name":"wp","href":"https:\/\/api.w.org\/{rel}","templated":true}]}}