{"id":47972,"date":"2022-04-01T13:43:40","date_gmt":"2022-04-01T19:43:40","guid":{"rendered":"https:\/\/nvnoticias.mx\/?p=47972"},"modified":"2022-04-01T13:43:41","modified_gmt":"2022-04-01T19:43:41","slug":"advierte-conagua-por-deficit-de-lluvias-en-veracruz","status":"publish","type":"post","link":"https:\/\/nvnoticias.mx\/index.php\/2022\/04\/01\/advierte-conagua-por-deficit-de-lluvias-en-veracruz\/","title":{"rendered":"Advierte Conagua por d\u00e9ficit de lluvias en Veracruz"},"content":{"rendered":"\n<p><strong>Sam Ojeda\u00a0\/ NV Noticias<\/strong><\/p>\n\n\n\n<p>Xalapa.- La jefa de Hidrometeorolog\u00eda de la Comisi\u00f3n Nacional del Agua (Conagua), Jessica Luna Lagunes, advirti\u00f3 que abril y mayo ser\u00e1n meses con escasez de agua en la entidad veracruzana.\u00a0<\/p>\n\n\n\n<p>La especialistas se\u00f1al\u00f3 que es posible que el d\u00e9ficit de lluvias alcance hasta el 30 por ciento en la zonas m\u00e1s afectadas por la sequ\u00eda en la entidad veracruzana.\u00a0<\/p>\n\n\n\n<p>Luna Lagunes dijo que de cumplirse los pron\u00f3stico este a\u00f1o ser\u00e1 el \u201cm\u00e1s seco\u201d desde 1981, por lo que recomend\u00f3 a la poblaci\u00f3n estar atenta y hacer un uso racional del agua.\u00a0<\/p>\n\n\n\n<p>Ejemplific\u00f3 que para el primer trimestre del a\u00f1o el promedio de lluvia es de 216 mil\u00edmetros; sin embargo, en lo que va de este a\u00f1o apenas ha llovido 66.4 por ciento de esa cantidad.\u00a0<\/p>\n\n\n\n<blockquote class=\"wp-block-quote is-layout-flow wp-block-quote-is-layout-flow\"><p>\u201c<em>Apenas ha llovido el 66.4 por ciento y en este 2022, este ha sido el cuarto a\u00f1o m\u00e1s seco que se ha tenido desde 1981, el m\u00e1s seco hasta el corte del 31 de marzo<\/em>\u201d, advirti\u00f3.\u00a0<\/p><\/blockquote>\n\n\n\n<p>Por ello, consider\u00f3 que este tema puede ser preocupante para sectores que dependen del agua, energ\u00eda y otros como turismo, agricultura e incluso la ganader\u00eda que requiere de grandes cantidades de agua para sus actividades.\u00a0<\/p>\n","protected":false},"excerpt":{"rendered":"<p>Sam Ojeda\u00a0\/ NV Noticias Xalapa.- La jefa de Hidrometeorolog\u00eda de la Comisi\u00f3n Nacional del Agua (Conagua), Jessica Luna Lagunes, advirti\u00f3 que abril y mayo ser\u00e1n meses con escasez de agua en la entidad veracruzana.\u00a0 La especialistas se\u00f1al\u00f3 que es posible que el d\u00e9ficit de lluvias alcance hasta el 30 por ciento en la zonas m\u00e1s [&hellip;]<\/p>\n","protected":false},"author":8,"featured_media":47974,"comment_status":"open","ping_status":"open","sticky":false,"template":"","format":"standard","meta":{"_monsterinsights_skip_tracking":false,"_monsterinsights_sitenote_active":false,"_monsterinsights_sitenote_note":"","_monsterinsights_sitenote_category":0,"footnotes":""},"categories":[156],"tags":[1576,3332,180],"class_list":["post-47972","post","type-post","status-publish","format-standard","has-post-thumbnail","hentry","category-estado","tag-conagua","tag-lluvias","tag-veracruz","wp-image-borders"],"amp_enabled":true,"_links":{"self":[{"href":"https:\/\/nvnoticias.mx\/index.php\/wp-json\/wp\/v2\/posts\/47972","targetHints":{"allow":["GET"]}}],"collection":[{"href":"https:\/\/nvnoticias.mx\/index.php\/wp-json\/wp\/v2\/posts"}],"about":[{"href":"https:\/\/nvnoticias.mx\/index.php\/wp-json\/wp\/v2\/types\/post"}],"author":[{"embeddable":true,"href":"https:\/\/nvnoticias.mx\/index.php\/wp-json\/wp\/v2\/users\/8"}],"replies":[{"embeddable":true,"href":"https:\/\/nvnoticias.mx\/index.php\/wp-json\/wp\/v2\/comments?post=47972"}],"version-history":[{"count":1,"href":"https:\/\/nvnoticias.mx\/index.php\/wp-json\/wp\/v2\/posts\/47972\/revisions"}],"predecessor-version":[{"id":47975,"href":"https:\/\/nvnoticias.mx\/index.php\/wp-json\/wp\/v2\/posts\/47972\/revisions\/47975"}],"wp:featuredmedia":[{"embeddable":true,"href":"https:\/\/nvnoticias.mx\/index.php\/wp-json\/wp\/v2\/media\/47974"}],"wp:attachment":[{"href":"https:\/\/nvnoticias.mx\/index.php\/wp-json\/wp\/v2\/media?parent=47972"}],"wp:term":[{"taxonomy":"category","embeddable":true,"href":"https:\/\/nvnoticias.mx\/index.php\/wp-json\/wp\/v2\/categories?post=47972"},{"taxonomy":"post_tag","embeddable":true,"href":"https:\/\/nvnoticias.mx\/index.php\/wp-json\/wp\/v2\/tags?post=47972"}],"curies":[{"name":"wp","href":"https:\/\/api.w.org\/{rel}","templated":true}]}}