{"id":47921,"date":"2022-04-01T12:26:04","date_gmt":"2022-04-01T18:26:04","guid":{"rendered":"https:\/\/nvnoticias.mx\/?p=47921"},"modified":"2022-04-01T12:26:06","modified_gmt":"2022-04-01T18:26:06","slug":"sefiplan-se-deslinda-de-pago-a-ex-trabajadores-de-la-intermunicipal-de-tihuatlan-poza-rica-coatzintla","status":"publish","type":"post","link":"https:\/\/nvnoticias.mx\/index.php\/2022\/04\/01\/sefiplan-se-deslinda-de-pago-a-ex-trabajadores-de-la-intermunicipal-de-tihuatlan-poza-rica-coatzintla\/","title":{"rendered":"Sefiplan se deslinda de pago a ex trabajadores de la intermunicipal de Tihuatl\u00e1n-Poza Rica- Coatzintla"},"content":{"rendered":"\n<p><strong>Sam Ojeda\u00a0\/ NV Noticias<\/strong><\/p>\n\n\n\n<p>Xalapa.- A la Secretar\u00eda de\u00a0 Finanzas y Planeaci\u00f3n (Sefiplan) no le corresponde dar seguimiento a las quejas de elementos de la extinta polic\u00eda intermunicipal Tihuatl\u00e1n-Poza Rica-Coatzintla que fueron despedidos durante el gobierno de Javier Duarte pero no recibieron su liquidaci\u00f3n.<\/p>\n\n\n\n<p>Esto fue se\u00f1alado por el secretario Jos\u00e9 Luis Lima Franco, al se\u00f1alar que el caso debe ser atendido por parte de la Secretar\u00eda de Seguridad P\u00fablica, a cargo de su titular Hugo Guti\u00e9rrez Maldonado porque la Sefiplan no lleva el caso.\u00a0<\/p>\n\n\n\n<blockquote class=\"wp-block-quote is-layout-flow wp-block-quote-is-layout-flow\"><p>\u201c<em>Desconozco, es un tema que trae la Secretar\u00eda de Seguridad P\u00fablica, son ellos quienes traen los juicios y ser\u00e1 la Unidad Administrativa de la SSP quien tendr\u00e1 que afronta<\/em>r\u201d, advirti\u00f3.<\/p><\/blockquote>\n\n\n\n<p>En 2015 casi 400 empleados fueron despedidos y desde entonces al menos 150 de ellos han exigido su liquidaci\u00f3n pero la respuesta es que esta ya fue pagada.\u00a0<\/p>\n\n\n\n<p>Incluso, han denunciado que se los cheques con los que la Sefiplan habr\u00eda pagado estas liquidaciones nunca les fueron entregados y que, por el contrario, habr\u00edan sido falsificados para su cobro.\u00a0<\/p>\n\n\n\n<p>Al respecto, el secretario Jos\u00e9 Luis Lima Franco se\u00f1al\u00f3 que no tiene conocimiento de esto porque es un tema que la SSP debe dilucidar y que en caso de que eso genere pagos a los ex empleados entonces la Sefiplan se encargar\u00e1.\u00a0<\/p>\n\n\n\n<blockquote class=\"wp-block-quote is-layout-flow wp-block-quote-is-layout-flow\"><p>\u201c<em>A nosotros nos llega cuando hay que hacer la erogaci\u00f3n, pero la parte judicial tendr\u00e1 que seguirse por la SSP. Habr\u00eda que revisarlo, nosotros cumplimos con todas las sentencias que nos env\u00edan, habr\u00eda que revisar c\u00f3mo fueron esos temas pero le corresponde a SSP<\/em>\u201d, dijo. \u00a0<\/p><\/blockquote>\n","protected":false},"excerpt":{"rendered":"<p>Sam Ojeda\u00a0\/ NV Noticias Xalapa.- A la Secretar\u00eda de\u00a0 Finanzas y Planeaci\u00f3n (Sefiplan) no le corresponde dar seguimiento a las quejas de elementos de la extinta polic\u00eda intermunicipal Tihuatl\u00e1n-Poza Rica-Coatzintla que fueron despedidos durante el gobierno de Javier Duarte pero no recibieron su liquidaci\u00f3n. Esto fue se\u00f1alado por el secretario Jos\u00e9 Luis Lima Franco, al [&hellip;]<\/p>\n","protected":false},"author":8,"featured_media":47924,"comment_status":"open","ping_status":"open","sticky":false,"template":"","format":"standard","meta":{"_monsterinsights_skip_tracking":false,"_monsterinsights_sitenote_active":false,"_monsterinsights_sitenote_note":"","_monsterinsights_sitenote_category":0,"footnotes":""},"categories":[156],"tags":[12771,6423,162,421],"class_list":["post-47921","post","type-post","status-publish","format-standard","has-post-thumbnail","hentry","category-estado","tag-intermunicipal","tag-pago","tag-portada","tag-sefiplan","wp-image-borders"],"amp_enabled":true,"_links":{"self":[{"href":"https:\/\/nvnoticias.mx\/index.php\/wp-json\/wp\/v2\/posts\/47921","targetHints":{"allow":["GET"]}}],"collection":[{"href":"https:\/\/nvnoticias.mx\/index.php\/wp-json\/wp\/v2\/posts"}],"about":[{"href":"https:\/\/nvnoticias.mx\/index.php\/wp-json\/wp\/v2\/types\/post"}],"author":[{"embeddable":true,"href":"https:\/\/nvnoticias.mx\/index.php\/wp-json\/wp\/v2\/users\/8"}],"replies":[{"embeddable":true,"href":"https:\/\/nvnoticias.mx\/index.php\/wp-json\/wp\/v2\/comments?post=47921"}],"version-history":[{"count":1,"href":"https:\/\/nvnoticias.mx\/index.php\/wp-json\/wp\/v2\/posts\/47921\/revisions"}],"predecessor-version":[{"id":47925,"href":"https:\/\/nvnoticias.mx\/index.php\/wp-json\/wp\/v2\/posts\/47921\/revisions\/47925"}],"wp:featuredmedia":[{"embeddable":true,"href":"https:\/\/nvnoticias.mx\/index.php\/wp-json\/wp\/v2\/media\/47924"}],"wp:attachment":[{"href":"https:\/\/nvnoticias.mx\/index.php\/wp-json\/wp\/v2\/media?parent=47921"}],"wp:term":[{"taxonomy":"category","embeddable":true,"href":"https:\/\/nvnoticias.mx\/index.php\/wp-json\/wp\/v2\/categories?post=47921"},{"taxonomy":"post_tag","embeddable":true,"href":"https:\/\/nvnoticias.mx\/index.php\/wp-json\/wp\/v2\/tags?post=47921"}],"curies":[{"name":"wp","href":"https:\/\/api.w.org\/{rel}","templated":true}]}}