{"id":47831,"date":"2022-03-31T14:43:32","date_gmt":"2022-03-31T20:43:32","guid":{"rendered":"https:\/\/nvnoticias.mx\/?p=47831"},"modified":"2022-03-31T14:43:33","modified_gmt":"2022-03-31T20:43:33","slug":"es-tiempo-de-vencer-obstaculos-para-aprobar-regulacion-de-cannabis-sanchez-cordero","status":"publish","type":"post","link":"https:\/\/nvnoticias.mx\/index.php\/2022\/03\/31\/es-tiempo-de-vencer-obstaculos-para-aprobar-regulacion-de-cannabis-sanchez-cordero\/","title":{"rendered":"Es tiempo de \u201cvencer obst\u00e1culos\u201d para aprobar regulaci\u00f3n de cannabis: S\u00e1nchez Cordero"},"content":{"rendered":"\n<p>Olga S\u00e1nchez Cordero, presidenta del Senado, afirm\u00f3 que se\u00a0construye un modelo para la regulaci\u00f3n de cannabis,\u00a0que no s\u00f3lo eliminar\u00e1 el enfoque prohibicionista que increment\u00f3 la violencia en M\u00e9xico, sino que permitir\u00e1 garantizar la seguridad y el control en el consumo de la planta. <\/p>\n\n\n\n<p>Desde el punto de vista econ\u00f3mico, dijo, es importante tomar en cuenta las diversas experiencias internacionales, para impulsar la econom\u00eda social y las cadenas de valor de la planta con productos como el c\u00e1\u00f1amo. <\/p>\n\n\n\n<blockquote class=\"wp-block-quote is-layout-flow wp-block-quote-is-layout-flow\"><p>\u201c<em>Vencer los obst\u00e1culos formalistas del pasado no es tarea sencilla, pero tengo la plena confianza de que en esta Legislatura lo podemos lograr, para regular e implementar medidas de consumo a conductas que se practican desde hace muchos a\u00f1os y abrir nuevos mercados econ\u00f3micos que permitan a nuestro pa\u00eds crecer<\/em>\u201d, expres\u00f3.<\/p><\/blockquote>\n\n\n\n<p>En el foro La regulaci\u00f3n del cannabis y las oportunidades para el desarrollo de una industria de c\u00e1\u00f1amo en M\u00e9xico, S\u00e1nchez Cordero refiri\u00f3 que el uso l\u00fadico del cannabis es s\u00f3lo una peque\u00f1a parte del potencial que tiene la planta; por ello, es importante reflexionar sobre los otros beneficios que traer\u00eda aparejada su reglamentaci\u00f3n. <\/p>\n\n\n\n<blockquote class=\"wp-block-quote is-layout-flow wp-block-quote-is-layout-flow\"><p>\u201c<em>Continuaremos sembrando conciencia en nuestra poblaci\u00f3n, en donde no hay cabida para pol\u00edticas prohibicionistas; somos el M\u00e9xico de las libertades y el pueblo es consciente de ello<\/em>\u201d, expres\u00f3.<\/p><\/blockquote>\n\n\n\n<p>Por otra parte, la senadora del Partido del Trabajo, Cora Cecilia Pinedo Alonso, indic\u00f3 que su inter\u00e9s en la regulaci\u00f3n del cannabis se ha centrado en los beneficios de una industria de uno de sus derivados: el c\u00e1\u00f1amo. <\/p>\n\n\n\n<p>La presidenta de la Comisi\u00f3n de Relaciones Exteriores Asia-Pac\u00edfico-\u00c1frica\u00a0asegur\u00f3 que este cultivo, acompa\u00f1ado de una pol\u00edtica integral para el desarrollo de esta industria, puede generar cadenas de valor y enormes beneficios para el combate a la pobreza de amplias regiones del pa\u00eds. <\/p>\n\n\n\n<p>En ese sentido, resalt\u00f3 que impulsa una iniciativa para reformar la Ley General de Salud y el C\u00f3digo Penal Federal, a fin de atender el mandato de la Suprema Corte de Justicia de la Naci\u00f3n, que declar\u00f3 inconstitucional la prohibici\u00f3n de la siembra, cultivo y cosecha del c\u00e1\u00f1amo para usos industriales.<\/p>\n\n\n\n<p>Destac\u00f3 la necesidad de aprobar la Ley para la Regulaci\u00f3n del Cannabis, pues se est\u00e1 dejando ir una gran oportunidad, ya que, de acuerdo con estimaciones del Centro de Estudios de las Finanzas P\u00fablicas de la C\u00e1mara de Diputados, si se aprueba, la recaudaci\u00f3n podr\u00eda ascender a 18 mil 705 millones de pesos s\u00f3lo en los primeros a\u00f1os. <\/p>\n\n\n\n<blockquote class=\"wp-block-quote is-layout-flow wp-block-quote-is-layout-flow\"><p>\u201c<em>Una nueva legislaci\u00f3n que brinde certeza crear\u00e1 una industria que pocos estamos viendo. La industria del c\u00e1\u00f1amo nos brinda la oportunidad de transformar al pa\u00eds, con un producto que es hasta 10 veces m\u00e1s redituable que el ma\u00edz<\/em>\u201d, afirm\u00f3.<\/p><\/blockquote>\n\n\n\n<p>En tanto, Rafael Espino de la Pe\u00f1a, presidente de la Comisi\u00f3n de Justicia, consider\u00f3 necesario transitar con una legislaci\u00f3n integral que incluya la creaci\u00f3n de una regulaci\u00f3n del cannabis psicoactivo y cannabis no psicoactivo. <\/p>\n\n\n\n<figure class=\"wp-block-image\"><img decoding=\"async\" src=\"https:\/\/www.milenio.com\/uploads\/media\/2021\/04\/18\/tipos-semillas-cannabis-frisian-duck.jpg\" alt=\"\"\/><\/figure>\n\n\n\n<p>Adem\u00e1s, que establezca los lineamientos y directrices para la regulaci\u00f3n del cannabis y sus derivados, en cuanto a su siembra, cultivo, producci\u00f3n, transporte, distribuci\u00f3n, venta y comercializaci\u00f3n. \u201cEs decir, por un lado, el cannabis psicoactivo y por otro el c\u00e1\u00f1amo\u201d, apunt\u00f3. <\/p>\n\n\n\n<p>En la mesa Contexto Hist\u00f3rico y Cultural del C\u00e1\u00f1amo y del Cannabis, moderado por la senadora Ana Lilia Rivera Rivera, presidenta de la Comisi\u00f3n de Estudios Legislativos Segunda, el antrop\u00f3logo e investigador de la Benem\u00e9rita Universidad Aut\u00f3noma de Puebla, Julio Glokner Rossainz, mencion\u00f3 que en la antig\u00fcedad la mariguana form\u00f3 parte de tratamientos para la oftalm\u00eda, fiebre, insomnio y disenter\u00eda. <\/p>\n\n\n\n<p>A esos tratamientos se han sumado los que tienen que ver con la estimulaci\u00f3n del apetito, los dolores reum\u00e1ticos y para evitar n\u00e1useas derivadas de las quimioterapias para el tratamiento del c\u00e1ncer. <\/p>\n\n\n\n<p>Jorge Hern\u00e1ndez Tinajero, presidente de la Asociaci\u00f3n Mexicana de Estudios de Cannabis, coincidi\u00f3 con la senadora Pinedo Alonso en la necesidad de crear una regulaci\u00f3n aparte del c\u00e1\u00f1amo, ya que el proceso de cultivo de la planta es distinto para aprovechar sus fibras, la materia vegetal, semillas y aceites, que cultivar la flor hembra para producir resina y cannabinoides y psicoactivos. <\/p>\n\n\n\n<p>Afirm\u00f3 que de tal modo que no existe riesgo en que una plantaci\u00f3n de c\u00e1\u00f1amo vaya a desviar su producci\u00f3n hacia un mercado ilegal de mariguana. <\/p>\n\n\n\n<p>Fuente: <a href=\"https:\/\/www.milenio.com\/politica\/sanchez-cordero-llama-aprobar-regulacion-cannabis-mexico\">Milenio<\/a><\/p>\n","protected":false},"excerpt":{"rendered":"<p>Olga S\u00e1nchez Cordero, presidenta del Senado, afirm\u00f3 que se\u00a0construye un modelo para la regulaci\u00f3n de cannabis,\u00a0que no s\u00f3lo eliminar\u00e1 el enfoque prohibicionista que increment\u00f3 la violencia en M\u00e9xico, sino que permitir\u00e1 garantizar la seguridad y el control en el consumo de la planta. Desde el punto de vista econ\u00f3mico, dijo, es importante tomar en cuenta [&hellip;]<\/p>\n","protected":false},"author":8,"featured_media":47832,"comment_status":"open","ping_status":"open","sticky":false,"template":"","format":"standard","meta":{"_monsterinsights_skip_tracking":false,"_monsterinsights_sitenote_active":false,"_monsterinsights_sitenote_note":"","_monsterinsights_sitenote_category":0,"footnotes":""},"categories":[157],"tags":[2418,1041,671],"class_list":["post-47831","post","type-post","status-publish","format-standard","has-post-thumbnail","hentry","category-nacional","tag-cannabis","tag-olga-sanchez-cordero","tag-regularizacion","wp-image-borders"],"amp_enabled":true,"_links":{"self":[{"href":"https:\/\/nvnoticias.mx\/index.php\/wp-json\/wp\/v2\/posts\/47831","targetHints":{"allow":["GET"]}}],"collection":[{"href":"https:\/\/nvnoticias.mx\/index.php\/wp-json\/wp\/v2\/posts"}],"about":[{"href":"https:\/\/nvnoticias.mx\/index.php\/wp-json\/wp\/v2\/types\/post"}],"author":[{"embeddable":true,"href":"https:\/\/nvnoticias.mx\/index.php\/wp-json\/wp\/v2\/users\/8"}],"replies":[{"embeddable":true,"href":"https:\/\/nvnoticias.mx\/index.php\/wp-json\/wp\/v2\/comments?post=47831"}],"version-history":[{"count":1,"href":"https:\/\/nvnoticias.mx\/index.php\/wp-json\/wp\/v2\/posts\/47831\/revisions"}],"predecessor-version":[{"id":47833,"href":"https:\/\/nvnoticias.mx\/index.php\/wp-json\/wp\/v2\/posts\/47831\/revisions\/47833"}],"wp:featuredmedia":[{"embeddable":true,"href":"https:\/\/nvnoticias.mx\/index.php\/wp-json\/wp\/v2\/media\/47832"}],"wp:attachment":[{"href":"https:\/\/nvnoticias.mx\/index.php\/wp-json\/wp\/v2\/media?parent=47831"}],"wp:term":[{"taxonomy":"category","embeddable":true,"href":"https:\/\/nvnoticias.mx\/index.php\/wp-json\/wp\/v2\/categories?post=47831"},{"taxonomy":"post_tag","embeddable":true,"href":"https:\/\/nvnoticias.mx\/index.php\/wp-json\/wp\/v2\/tags?post=47831"}],"curies":[{"name":"wp","href":"https:\/\/api.w.org\/{rel}","templated":true}]}}