{"id":47801,"date":"2022-03-31T13:33:06","date_gmt":"2022-03-31T19:33:06","guid":{"rendered":"https:\/\/nvnoticias.mx\/?p=47801"},"modified":"2022-03-31T13:33:07","modified_gmt":"2022-03-31T19:33:07","slug":"responden-rob-kardashian-y-tyga-a-la-afirmacion-de-blac-chyna","status":"publish","type":"post","link":"https:\/\/nvnoticias.mx\/index.php\/2022\/03\/31\/responden-rob-kardashian-y-tyga-a-la-afirmacion-de-blac-chyna\/","title":{"rendered":"Responden Rob Kardashian y Tyga a la afirmaci\u00f3n de Blac Chyna"},"content":{"rendered":"\n<p>Despu\u00e9s de que Blac Chyna afirm\u00f3 que sus ex no pagan la manutenci\u00f3n de los hijos, Rob Kardashian y Tyga aclararon en redes sociales lo que hacen por sus hijos.<\/p>\n\n\n\n<p>Tyga\u00a0y\u00a0Rob Kardashian\u00a0est\u00e1n contestando a su ex en com\u00fan,\u00a0Blac Chyna, despu\u00e9s de que ella tuite\u00f3 que &#8220;no recibe apoyo&#8221; de los padres de sus hijos.<\/p>\n\n\n\n<blockquote class=\"wp-block-quote is-layout-flow wp-block-quote-is-layout-flow\"><p>&#8220;Ayer tuve que renunciar a 3 de mis autos&#8230; mis razones&#8230; moral, creencias, ser madre soltera sin apoyo&#8221;, tuite\u00f3 Chyna el 30 de marzo. &#8220;Soy una MAM\u00c1&#8221;.<\/p><\/blockquote>\n\n\n\n<p>En un segundo tuit, agreg\u00f3: &#8220;Soltera, sin apoyo de manutenci\u00f3n infantil&#8221;.<\/p>\n\n\n\n<p>Tyga, que comparte con Chyna su hijo\u00a0King Cairo, de 9 a\u00f1os, defendi\u00f3 sus contribuciones.<\/p>\n\n\n\n<blockquote class=\"wp-block-quote is-layout-flow wp-block-quote-is-layout-flow\"><p>&#8220;Pago 40\u00a0mil al a\u00f1o para la escuela de mi hijo y \u00e9l vive conmigo&#8221;, escribi\u00f3 el rapero de Rack City en la secci\u00f3n de comentarios de una captura de pantalla de sus tuits. &#8220;\u00bfPor qu\u00e9 pagar\u00eda manutenci\u00f3n infantil? jajaja&#8221;.<\/p><\/blockquote>\n\n\n\n<p>Rob, que comparte a\u00a0Dream\u00a0de 5 a\u00f1os con Chyna, plante\u00f3 la misma pregunta y escribi\u00f3 en la misma publicaci\u00f3n:<\/p>\n\n\n\n<blockquote class=\"wp-block-quote is-layout-flow wp-block-quote-is-layout-flow\"><p> &#8220;Pago 37 mil al a\u00f1o por la escuela de mi hija. Manejo todos los gastos m\u00e9dicos. Pago todas sus actividades extracurriculares. Tengo a mi hija de martes a s\u00e1bado. \u00bfPor qu\u00e9 pagar\u00eda manutenci\u00f3n infantil?&#8221;.<\/p><\/blockquote>\n\n\n\n<p>Tyga\u00a0no pudo evitar notar la diferencia entre las cantidades en d\u00f3lares y etiquet\u00f3 a la estrella de\u00a0<em>Keeping Up With The Kardashians<\/em>\u00a0para preguntarle en broma:<\/p>\n\n\n\n<blockquote class=\"wp-block-quote is-layout-flow wp-block-quote-is-layout-flow\"><p> &#8220;\u00bfC\u00f3mo pagas 3k menos? Con\u00e9ctame&#8221;.<\/p><\/blockquote>\n\n\n\n<p>Tyga, de 32 a\u00f1os, y Chyna, de 33, salieron durante tres a\u00f1os y estuvieron brevemente comprometidos antes de separarse en 2014.\u00a0Rob\u00a0y Chyna, que tambi\u00e9n estuvieron brevemente comprometidos, protagonizaron su propio\u00a0<em>reality show<\/em>, pero finalmente se separaron en el verano de 2017.<\/p>\n\n\n\n<p>Durante una aparici\u00f3n en febrero de 2021 en\u00a0<em>The Wendy Williams Show<\/em>, Chyna parec\u00eda satisfecha con los arreglos financieros que tiene con sus exes. Aunque admiti\u00f3 que no estaba recibiendo manutenci\u00f3n infantil, explic\u00f3: &#8220;Si\u00a0ellos hacen su parte por su lado,\u00a0y yo la m\u00eda, est\u00e1 perfectamente bien y eso es crianza compartida&#8221;, explic\u00f3.<\/p>\n\n\n\n<p>Fuente: <a href=\"https:\/\/www.eonline.com\/mx\/news\/1325417\/rob-kardashian-y-tyga-responden-a-la-afirmacion-de-blac-chyna-de-que-no-recibe-manutencion-infantil\" data-type=\"URL\" data-id=\"https:\/\/www.eonline.com\/mx\/news\/1325417\/rob-kardashian-y-tyga-responden-a-la-afirmacion-de-blac-chyna-de-que-no-recibe-manutencion-infantil\">E!<\/a><\/p>\n","protected":false},"excerpt":{"rendered":"<p>Despu\u00e9s de que Blac Chyna afirm\u00f3 que sus ex no pagan la manutenci\u00f3n de los hijos, Rob Kardashian y Tyga aclararon en redes sociales lo que hacen por sus hijos. Tyga\u00a0y\u00a0Rob Kardashian\u00a0est\u00e1n contestando a su ex en com\u00fan,\u00a0Blac Chyna, despu\u00e9s de que ella tuite\u00f3 que &#8220;no recibe apoyo&#8221; de los padres de sus hijos. &#8220;Ayer [&hellip;]<\/p>\n","protected":false},"author":35,"featured_media":42113,"comment_status":"open","ping_status":"open","sticky":false,"template":"","format":"standard","meta":{"_monsterinsights_skip_tracking":false,"_monsterinsights_sitenote_active":false,"_monsterinsights_sitenote_note":"","_monsterinsights_sitenote_category":0,"footnotes":""},"categories":[576],"tags":[12720,10780,12718,10779,12719],"class_list":["post-47801","post","type-post","status-publish","format-standard","has-post-thumbnail","hentry","category-ocio","tag-afirmacion","tag-blac-chyna","tag-responden","tag-rob-kardashian","tag-tyga","wp-image-borders"],"amp_enabled":true,"_links":{"self":[{"href":"https:\/\/nvnoticias.mx\/index.php\/wp-json\/wp\/v2\/posts\/47801","targetHints":{"allow":["GET"]}}],"collection":[{"href":"https:\/\/nvnoticias.mx\/index.php\/wp-json\/wp\/v2\/posts"}],"about":[{"href":"https:\/\/nvnoticias.mx\/index.php\/wp-json\/wp\/v2\/types\/post"}],"author":[{"embeddable":true,"href":"https:\/\/nvnoticias.mx\/index.php\/wp-json\/wp\/v2\/users\/35"}],"replies":[{"embeddable":true,"href":"https:\/\/nvnoticias.mx\/index.php\/wp-json\/wp\/v2\/comments?post=47801"}],"version-history":[{"count":1,"href":"https:\/\/nvnoticias.mx\/index.php\/wp-json\/wp\/v2\/posts\/47801\/revisions"}],"predecessor-version":[{"id":47803,"href":"https:\/\/nvnoticias.mx\/index.php\/wp-json\/wp\/v2\/posts\/47801\/revisions\/47803"}],"wp:featuredmedia":[{"embeddable":true,"href":"https:\/\/nvnoticias.mx\/index.php\/wp-json\/wp\/v2\/media\/42113"}],"wp:attachment":[{"href":"https:\/\/nvnoticias.mx\/index.php\/wp-json\/wp\/v2\/media?parent=47801"}],"wp:term":[{"taxonomy":"category","embeddable":true,"href":"https:\/\/nvnoticias.mx\/index.php\/wp-json\/wp\/v2\/categories?post=47801"},{"taxonomy":"post_tag","embeddable":true,"href":"https:\/\/nvnoticias.mx\/index.php\/wp-json\/wp\/v2\/tags?post=47801"}],"curies":[{"name":"wp","href":"https:\/\/api.w.org\/{rel}","templated":true}]}}