{"id":47713,"date":"2022-03-31T10:52:43","date_gmt":"2022-03-31T16:52:43","guid":{"rendered":"https:\/\/nvnoticias.mx\/?p=47713"},"modified":"2022-03-31T10:52:44","modified_gmt":"2022-03-31T16:52:44","slug":"no-vamos-a-destruir-la-selva-con-el-tren-maya-amlo","status":"publish","type":"post","link":"https:\/\/nvnoticias.mx\/index.php\/2022\/03\/31\/no-vamos-a-destruir-la-selva-con-el-tren-maya-amlo\/","title":{"rendered":"No vamos a destruir la selva con el Tren Maya: AMLO"},"content":{"rendered":"\n<p>Tras la cr\u00edticas de ambientalistas, famosos y pol\u00edticos de que el tramo 5 del Tren Maya destruir\u00e1 acu\u00edferos, fauna y flora, el presidente Andr\u00e9s Manuel L\u00f3pez Obrador asegur\u00f3 contar con todos los permisos y estudios de impacto ambiental para esta construcci\u00f3n y asever\u00f3 que \u00e9l no destruir\u00e1 la selva.<\/p>\n\n\n\n<p>\u201cS\u00ed se tiene todos los permitidos de impacto ambiental, todo, y no solo son solo los permisos, es una convicci\u00f3n. Nosotros no vamos a destruir la selva, no somos iguales. Yo me cri\u00e9 en el campo, yo s\u00e9 que significa proteger la naturaleza y lo vamos a seguir haciendo toda la vida\u201d, declar\u00f3 el mandatario en su conferencia de prensa ma\u00f1anera.<\/p>\n\n\n\n<p>A\u00f1adi\u00f3 que no hay en el mundo un programa que reforeste tanto como Sembrando Vida y menos con la inversi\u00f3n que tiene \u00e9ste, de mil 500 millones de d\u00f3lares al a\u00f1o para sembrar \u00e1rboles. Adem\u00e1s, dijo que est\u00e1n sembrando \u00e1rboles frutales en todo el camino por donde pasar\u00e1 el Tren Maya, el cual ser\u00e1 inaugurado en 2023.<\/p>\n\n\n\n<p>\u201cEstamos en toda la ruta del Tren Maya sembrando \u00e1rboles frutales. Les voy a dar un dato a estos pseudoambientalistas: no hay en el mundo un programa de reforestaci\u00f3n como el que se aplica en M\u00e9xico con Sembrando Vida. \u00bfSaben de cu\u00e1nto es la inversi\u00f3n? De mil 500 millones de d\u00f3lares al a\u00f1o para sembrar \u00e1rboles. Ah\u00ed les dejo de tarea que busquen cu\u00e1nto destina a la reforestaci\u00f3n Estados Unidos, Francia, Rusia, China\u201d, expres\u00f3.<\/p>\n\n\n\n<p>L\u00f3pez Obrador coment\u00f3 que ya hubo una consulta sobre la construcci\u00f3n del Tren Maya y la mayor\u00eda de los ciudadanos apoyaron el proyecto, sobre lo cual mostr\u00f3 un video para el cual fueron entrevistadas autoridades locales que descartaron que vaya a haber da\u00f1os ecol\u00f3gicos.<\/p>\n\n\n\n<p>\u201cEsta supuesta oposici\u00f3n en favor del medio ambiente tiene que ver con el conservadurismo. Los conservadores, adem\u00e1s de ser autoritarios y corruptos, su verdadera a doctrina es la hipocres\u00eda, la doble moral\u201d, fustig\u00f3 el presidente.<\/p>\n\n\n\n<p>Fuente: <em><a href=\"https:\/\/www.forbes.com.mx\/no-vamos-a-destruir-la-selva-con-el-tren-maya-no-somos-iguales-amlo\/\" data-type=\"URL\" data-id=\"https:\/\/www.forbes.com.mx\/no-vamos-a-destruir-la-selva-con-el-tren-maya-no-somos-iguales-amlo\/\">Forbes<\/a><\/em><\/p>\n","protected":false},"excerpt":{"rendered":"<p>Tras la cr\u00edticas de ambientalistas, famosos y pol\u00edticos de que el tramo 5 del Tren Maya destruir\u00e1 acu\u00edferos, fauna y flora, el presidente Andr\u00e9s Manuel L\u00f3pez Obrador asegur\u00f3 contar con todos los permisos y estudios de impacto ambiental para esta construcci\u00f3n y asever\u00f3 que \u00e9l no destruir\u00e1 la selva. \u201cS\u00ed se tiene todos los permitidos [&hellip;]<\/p>\n","protected":false},"author":35,"featured_media":35638,"comment_status":"open","ping_status":"open","sticky":false,"template":"","format":"standard","meta":{"_monsterinsights_skip_tracking":false,"_monsterinsights_sitenote_active":false,"_monsterinsights_sitenote_note":"","_monsterinsights_sitenote_category":0,"footnotes":""},"categories":[157],"tags":[188,11755,12691,4217],"class_list":["post-47713","post","type-post","status-publish","format-standard","has-post-thumbnail","hentry","category-nacional","tag-amlo","tag-destruir","tag-selva","tag-tren-maya","wp-image-borders"],"amp_enabled":true,"_links":{"self":[{"href":"https:\/\/nvnoticias.mx\/index.php\/wp-json\/wp\/v2\/posts\/47713","targetHints":{"allow":["GET"]}}],"collection":[{"href":"https:\/\/nvnoticias.mx\/index.php\/wp-json\/wp\/v2\/posts"}],"about":[{"href":"https:\/\/nvnoticias.mx\/index.php\/wp-json\/wp\/v2\/types\/post"}],"author":[{"embeddable":true,"href":"https:\/\/nvnoticias.mx\/index.php\/wp-json\/wp\/v2\/users\/35"}],"replies":[{"embeddable":true,"href":"https:\/\/nvnoticias.mx\/index.php\/wp-json\/wp\/v2\/comments?post=47713"}],"version-history":[{"count":1,"href":"https:\/\/nvnoticias.mx\/index.php\/wp-json\/wp\/v2\/posts\/47713\/revisions"}],"predecessor-version":[{"id":47714,"href":"https:\/\/nvnoticias.mx\/index.php\/wp-json\/wp\/v2\/posts\/47713\/revisions\/47714"}],"wp:featuredmedia":[{"embeddable":true,"href":"https:\/\/nvnoticias.mx\/index.php\/wp-json\/wp\/v2\/media\/35638"}],"wp:attachment":[{"href":"https:\/\/nvnoticias.mx\/index.php\/wp-json\/wp\/v2\/media?parent=47713"}],"wp:term":[{"taxonomy":"category","embeddable":true,"href":"https:\/\/nvnoticias.mx\/index.php\/wp-json\/wp\/v2\/categories?post=47713"},{"taxonomy":"post_tag","embeddable":true,"href":"https:\/\/nvnoticias.mx\/index.php\/wp-json\/wp\/v2\/tags?post=47713"}],"curies":[{"name":"wp","href":"https:\/\/api.w.org\/{rel}","templated":true}]}}