{"id":47702,"date":"2022-03-31T10:08:21","date_gmt":"2022-03-31T16:08:21","guid":{"rendered":"https:\/\/nvnoticias.mx\/?p=47702"},"modified":"2022-03-31T10:08:22","modified_gmt":"2022-03-31T16:08:22","slug":"decidiran-hoy-si-se-termina-o-sigue-el-horario-de-verano-en-mexico","status":"publish","type":"post","link":"https:\/\/nvnoticias.mx\/index.php\/2022\/03\/31\/decidiran-hoy-si-se-termina-o-sigue-el-horario-de-verano-en-mexico\/","title":{"rendered":"Decidir\u00e1n hoy si se termina o sigue el Horario de Verano en M\u00e9xico"},"content":{"rendered":"\n<p>El Horario de Verano se instaur\u00f3 en el pa\u00eds desde 1996, durante el gobierno de Ernesto Zedillo y busca aprovechar la luz natural para ahorrar energ\u00eda el\u00e9ctrica.<\/p>\n\n\n\n<p>Sin embargo, la diputada&nbsp;perredista Olga Luz Espinosa, propuso una iniciativa para eliminar el decreto por el que cada a\u00f1o se cambia de horario.<\/p>\n\n\n\n<p>De acuerdo con el proyecto, con la instauraci\u00f3n del llamado horario de verano, que consiste en adelantar una hora el horario local el primer domingo de abril de cada a\u00f1o, y retrocederlo, tambi\u00e9n una hora, el \u00faltimo domingo de octubre de cada a\u00f1o, se buscaba propiciar una importante disminuci\u00f3n en la demanda de energ\u00eda el\u00e9ctrica, as\u00ed como una reducci\u00f3n en el consumo de los combustibles utilizados para su generaci\u00f3n, lo cual, a su vez, contribuir\u00e1 a disminuir la emisi\u00f3n de contaminantes, sin embargo, ello no se ha logrado.<\/p>\n\n\n\n<p>Basado en el estudio \u201cHorario de Verano. Antecedentes y legislaci\u00f3n comparada\u201d, de la\u00a0C\u00e1mara de Diputados, advierte que las desventajas de la aplicaci\u00f3n del horario de verano, son: Afectaciones negativas a las actividades escolares, impacto negativo en las actividades econ\u00f3micas, incremento de la inseguridad p\u00fablica por las ma\u00f1anas, y ahorro econ\u00f3mico no percibido en la factura el\u00e9ctrica de los usuarios.<\/p>\n\n\n\n<p>En este 2022, los\u00a0relojes\u00a0se adelantar\u00e1n el domingo 3 de abril y se volver\u00e1n a retrasar el pr\u00f3ximo domingo 30 de octubre, en caso de que no se elimine el decreto que propone la diputada perredista.<\/p>\n\n\n\n<p>Cabe aclarar que \u201cesta medida entrar\u00e1 en vigor en la Rep\u00fablica Mexicana a excepci\u00f3n de los estados de Sonora y Quintana Roo quienes no participan en el Horario de Verano, por lo que ambas entidades mantienen su respectivo horario\u201d.\u00a0<\/p>\n\n\n\n<p>Fuente: <a href=\"https:\/\/www.eluniversal.com.mx\/tendencias\/horario-de-verano-hoy-se-decide-si-se-termina-o-sigue-en-mexico\" data-type=\"URL\" data-id=\"https:\/\/www.eluniversal.com.mx\/tendencias\/horario-de-verano-hoy-se-decide-si-se-termina-o-sigue-en-mexico\">El Universal<\/a><\/p>\n","protected":false},"excerpt":{"rendered":"<p>El Horario de Verano se instaur\u00f3 en el pa\u00eds desde 1996, durante el gobierno de Ernesto Zedillo y busca aprovechar la luz natural para ahorrar energ\u00eda el\u00e9ctrica. Sin embargo, la diputada&nbsp;perredista Olga Luz Espinosa, propuso una iniciativa para eliminar el decreto por el que cada a\u00f1o se cambia de horario. De acuerdo con el proyecto, [&hellip;]<\/p>\n","protected":false},"author":35,"featured_media":46513,"comment_status":"open","ping_status":"open","sticky":false,"template":"","format":"standard","meta":{"_monsterinsights_skip_tracking":false,"_monsterinsights_sitenote_active":false,"_monsterinsights_sitenote_note":"","_monsterinsights_sitenote_category":0,"footnotes":""},"categories":[157],"tags":[7633,6988,292,162,10113,12682],"class_list":["post-47702","post","type-post","status-publish","format-standard","has-post-thumbnail","hentry","category-nacional","tag-decidiran","tag-horario-de-verano","tag-mexico","tag-portada","tag-sigue","tag-termina","wp-image-borders"],"amp_enabled":true,"_links":{"self":[{"href":"https:\/\/nvnoticias.mx\/index.php\/wp-json\/wp\/v2\/posts\/47702","targetHints":{"allow":["GET"]}}],"collection":[{"href":"https:\/\/nvnoticias.mx\/index.php\/wp-json\/wp\/v2\/posts"}],"about":[{"href":"https:\/\/nvnoticias.mx\/index.php\/wp-json\/wp\/v2\/types\/post"}],"author":[{"embeddable":true,"href":"https:\/\/nvnoticias.mx\/index.php\/wp-json\/wp\/v2\/users\/35"}],"replies":[{"embeddable":true,"href":"https:\/\/nvnoticias.mx\/index.php\/wp-json\/wp\/v2\/comments?post=47702"}],"version-history":[{"count":1,"href":"https:\/\/nvnoticias.mx\/index.php\/wp-json\/wp\/v2\/posts\/47702\/revisions"}],"predecessor-version":[{"id":47703,"href":"https:\/\/nvnoticias.mx\/index.php\/wp-json\/wp\/v2\/posts\/47702\/revisions\/47703"}],"wp:featuredmedia":[{"embeddable":true,"href":"https:\/\/nvnoticias.mx\/index.php\/wp-json\/wp\/v2\/media\/46513"}],"wp:attachment":[{"href":"https:\/\/nvnoticias.mx\/index.php\/wp-json\/wp\/v2\/media?parent=47702"}],"wp:term":[{"taxonomy":"category","embeddable":true,"href":"https:\/\/nvnoticias.mx\/index.php\/wp-json\/wp\/v2\/categories?post=47702"},{"taxonomy":"post_tag","embeddable":true,"href":"https:\/\/nvnoticias.mx\/index.php\/wp-json\/wp\/v2\/tags?post=47702"}],"curies":[{"name":"wp","href":"https:\/\/api.w.org\/{rel}","templated":true}]}}