{"id":47661,"date":"2022-03-30T16:26:42","date_gmt":"2022-03-30T22:26:42","guid":{"rendered":"https:\/\/nvnoticias.mx\/?p=47661"},"modified":"2022-03-30T16:26:44","modified_gmt":"2022-03-30T22:26:44","slug":"piden-que-detallen-programa-de-apoyo-a-trabajadoras-del-hogar","status":"publish","type":"post","link":"https:\/\/nvnoticias.mx\/index.php\/2022\/03\/30\/piden-que-detallen-programa-de-apoyo-a-trabajadoras-del-hogar\/","title":{"rendered":"Piden que detallen programa de apoyo a trabajadoras del hogar"},"content":{"rendered":"\n<p>El Congreso local pidi\u00f3 a Federico Rojas, titular de la Secretar\u00eda del Trabajo del Estado un informe respecto a las condiciones y derechos de las trabajadoras del hogar en materia salarial, jornada laboral, seguridad social y dem\u00e1s prestaciones econ\u00f3micas, con el fin de proteger sus garant\u00edas humanas y el bienestar de sus familias y de la comunidad. <\/p>\n\n\n\n<p>Anyl\u00fa Hern\u00e1ndez, del PT, dijo en el Pleno que se deben informar las acciones y programas pendientes a dar cumplimiento al Convenio 189 de la OIT y a la Ley Federal del Trabajo. Con base en la Encuesta Nacional de Ocupaci\u00f3n del INEGI, detall\u00f3 la Petista, el 28 por ciento de la poblaci\u00f3n de este sector de la econom\u00eda son de origen ind\u00edgena, el 32 por ciento cuenta con educaci\u00f3n primaria o menos y el 23 por ciento son jefas madres de familia. <\/p>\n\n\n\n<blockquote class=\"wp-block-quote is-layout-flow wp-block-quote-is-layout-flow\"><p>\u201cDe frente a esta precaria situaci\u00f3n, resulta muy importante que este D\u00eda Internacional de las Trabajadoras del Hogar no pase desapercibido en Nuevo Le\u00f3n, sobre todo para zanjar las brechas de desigualdad en materia salarial y falta de respeto a la jornada laboral de ocho horas diarias\u201d, indic\u00f3 Hern\u00e1ndez. <\/p><\/blockquote>\n\n\n\n<p>Por \u00faltimo, dijo que a pesar de las reformas es un trabajo sub-valuado en cuanto a la remuneraci\u00f3n, se contrata verbalmente y es una actividad que no cuenta con reconocimiento social, \u201csiendo las condiciones de trabajo desfavorables para las prestadoras de estos servicios en la mayor\u00eda de los casos\u201d.<\/p>\n\n\n\n<p>Ante posibles casos de maltrato f\u00edsico y psicol\u00f3gico a menores de edad en las instalaciones de guarder\u00edas privadas del estado, el Congreso local urgi\u00f3 al gobernador\u00a0Samuel Garc\u00eda que ordene su inspecci\u00f3n. <\/p>\n\n\n\n<p>La coordinadora de Morena, Jessica Mart\u00ednez, dijo que ante la necesidad de velar por el inter\u00e9s superior de la ni\u00f1ez y brindar la protecci\u00f3n necesaria dentro de estos centros infantiles y prevenir casos en un futuro, se present\u00f3 dicho exhorto. <\/p>\n\n\n\n<p>\u201cNo permitamos que la vida de nuestras hijas e hijos se vea afectada por eventos de maltrato por parte de quienes deben cuidarlos.&#8221;<\/p>\n\n\n\n<blockquote class=\"wp-block-quote is-layout-flow wp-block-quote-is-layout-flow\"><p>&#8220;Que las madres o padres trabajadores, que seg\u00fan la \u00faltima encuesta nacional de Empleo y Seguridad Social indican que el 16 por ciento de estas y estos, se ven en la necesidad de llevar a sus hijas o hijos a una guarder\u00eda p\u00fablica o privada, para poder salir a buscar el sustento diario de sus hogares, con la tranquilidad de que sus hijas e hijos puedan estar bien cuidadas y cuidados,\u201d dijo la morenista. <\/p><\/blockquote>\n\n\n\n<p>Fuente: <a href=\"https:\/\/www.milenio.com\/politica\/piden-detallar-condiciones-laborales-trabajadoras-domesticas-nl\" data-type=\"URL\" data-id=\"https:\/\/www.milenio.com\/politica\/piden-detallar-condiciones-laborales-trabajadoras-domesticas-nl\">Milenio<\/a><\/p>\n","protected":false},"excerpt":{"rendered":"<p>El Congreso local pidi\u00f3 a Federico Rojas, titular de la Secretar\u00eda del Trabajo del Estado un informe respecto a las condiciones y derechos de las trabajadoras del hogar en materia salarial, jornada laboral, seguridad social y dem\u00e1s prestaciones econ\u00f3micas, con el fin de proteger sus garant\u00edas humanas y el bienestar de sus familias y de [&hellip;]<\/p>\n","protected":false},"author":35,"featured_media":45630,"comment_status":"open","ping_status":"open","sticky":false,"template":"","format":"standard","meta":{"_monsterinsights_skip_tracking":false,"_monsterinsights_sitenote_active":false,"_monsterinsights_sitenote_note":"","_monsterinsights_sitenote_category":0,"footnotes":""},"categories":[157],"tags":[410,12659,9131,5092,5945],"class_list":["post-47661","post","type-post","status-publish","format-standard","has-post-thumbnail","hentry","category-nacional","tag-apoyo","tag-detallen","tag-piden","tag-programa","tag-trabajadoras-del-hogar","wp-image-borders"],"amp_enabled":true,"_links":{"self":[{"href":"https:\/\/nvnoticias.mx\/index.php\/wp-json\/wp\/v2\/posts\/47661","targetHints":{"allow":["GET"]}}],"collection":[{"href":"https:\/\/nvnoticias.mx\/index.php\/wp-json\/wp\/v2\/posts"}],"about":[{"href":"https:\/\/nvnoticias.mx\/index.php\/wp-json\/wp\/v2\/types\/post"}],"author":[{"embeddable":true,"href":"https:\/\/nvnoticias.mx\/index.php\/wp-json\/wp\/v2\/users\/35"}],"replies":[{"embeddable":true,"href":"https:\/\/nvnoticias.mx\/index.php\/wp-json\/wp\/v2\/comments?post=47661"}],"version-history":[{"count":1,"href":"https:\/\/nvnoticias.mx\/index.php\/wp-json\/wp\/v2\/posts\/47661\/revisions"}],"predecessor-version":[{"id":47662,"href":"https:\/\/nvnoticias.mx\/index.php\/wp-json\/wp\/v2\/posts\/47661\/revisions\/47662"}],"wp:featuredmedia":[{"embeddable":true,"href":"https:\/\/nvnoticias.mx\/index.php\/wp-json\/wp\/v2\/media\/45630"}],"wp:attachment":[{"href":"https:\/\/nvnoticias.mx\/index.php\/wp-json\/wp\/v2\/media?parent=47661"}],"wp:term":[{"taxonomy":"category","embeddable":true,"href":"https:\/\/nvnoticias.mx\/index.php\/wp-json\/wp\/v2\/categories?post=47661"},{"taxonomy":"post_tag","embeddable":true,"href":"https:\/\/nvnoticias.mx\/index.php\/wp-json\/wp\/v2\/tags?post=47661"}],"curies":[{"name":"wp","href":"https:\/\/api.w.org\/{rel}","templated":true}]}}