{"id":47637,"date":"2022-03-30T14:47:31","date_gmt":"2022-03-30T20:47:31","guid":{"rendered":"https:\/\/nvnoticias.mx\/?p=47637"},"modified":"2022-03-30T14:47:33","modified_gmt":"2022-03-30T20:47:33","slug":"gobierno-se-queja-ante-corte-por-reduccion-de-casillas-para-revocacion-de-mandato","status":"publish","type":"post","link":"https:\/\/nvnoticias.mx\/index.php\/2022\/03\/30\/gobierno-se-queja-ante-corte-por-reduccion-de-casillas-para-revocacion-de-mandato\/","title":{"rendered":"Gobierno se queja ante Corte por reducci\u00f3n de casillas para revocaci\u00f3n de mandato"},"content":{"rendered":"\n<p>El gobierno de Andr\u00e9s Manuel L\u00f3pez Obrador se quej\u00f3 ante la Suprema Corte de Justicia de la Naci\u00f3n (SCJN) de la decisi\u00f3n del INE respecto a la reducci\u00f3n de casillas que ser\u00e1n instaladas para la consulta de revocaci\u00f3n de mandato del pr\u00f3ximo 10 de abril. <\/p>\n\n\n\n<p>A trav\u00e9s de un recurso de queja, la Consejer\u00eda Jur\u00eddica de la Presidencia de la Rep\u00fablica acus\u00f3 que el Instituto Nacional Electoral (INE) incumpli\u00f3 un mandato del m\u00e1ximo tribunal del pa\u00eds, pues \u201cde manera discrecional e injustificada\u201d, redujo el n\u00famero de casillas, violando la Constituci\u00f3n. <\/p>\n\n\n\n<blockquote class=\"wp-block-quote is-layout-flow wp-block-quote-is-layout-flow\"><p>\u201c<em>Si bien el ministro instructor modific\u00f3 la suspensi\u00f3n para que el proceso de revocaci\u00f3n de mandato se ejecutara de una manera m\u00e1s eficiente por parte del INE, con el presupuesto ya programado, ello no puede verse traducido en la disminuci\u00f3n del n\u00famero de casillas, ya que implicar\u00eda la afectaci\u00f3n al derecho a la participaci\u00f3n pol\u00edtica de los ciudadanos<\/em>\u201d, argument\u00f3 la Presidencia.<\/p><\/blockquote>\n\n\n\n<p>En respuesta, el ministro Juan Luis Gonz\u00e1lez Alc\u00e1ntara Carranc\u00e1 dio un plazo de 15 d\u00edas al INE para informar a la SCJN u ofrecer pruebas sobre la forma en que se ha organizado el ejercicio de revocaci\u00f3n de mandato. <\/p>\n\n\n\n<blockquote class=\"wp-block-quote is-layout-flow wp-block-quote-is-layout-flow\"><p>\u201c<em>Precisando los actos que ha llevado a cabo para cumplir con la medida cautelar decretada apercibido que, de no hacerlo, se presumir\u00e1n ciertos los hechos que se le atribuyen y se le impondr\u00e1 una multa de 10 a 180 d\u00edas de salario<\/em>\u201d, determin\u00f3 Gonz\u00e1lez Alc\u00e1ntara Carranc\u00e1.<\/p><\/blockquote>\n\n\n\n<p>Fuente: <a href=\"https:\/\/www.milenio.com\/politica\/gobierno-queja-corte-reduccion-casillas-revocacion\">Milenio<\/a><\/p>\n","protected":false},"excerpt":{"rendered":"<p>El gobierno de Andr\u00e9s Manuel L\u00f3pez Obrador se quej\u00f3 ante la Suprema Corte de Justicia de la Naci\u00f3n (SCJN) de la decisi\u00f3n del INE respecto a la reducci\u00f3n de casillas que ser\u00e1n instaladas para la consulta de revocaci\u00f3n de mandato del pr\u00f3ximo 10 de abril. A trav\u00e9s de un recurso de queja, la Consejer\u00eda Jur\u00eddica [&hellip;]<\/p>\n","protected":false},"author":8,"featured_media":38235,"comment_status":"open","ping_status":"open","sticky":false,"template":"","format":"standard","meta":{"_monsterinsights_skip_tracking":false,"_monsterinsights_sitenote_active":false,"_monsterinsights_sitenote_note":"","_monsterinsights_sitenote_category":0,"footnotes":""},"categories":[157],"tags":[3059,299,5354,3194],"class_list":["post-47637","post","type-post","status-publish","format-standard","has-post-thumbnail","hentry","category-nacional","tag-casillas","tag-gobierno","tag-revocacion-de-mandato","tag-scjn","wp-image-borders"],"amp_enabled":true,"_links":{"self":[{"href":"https:\/\/nvnoticias.mx\/index.php\/wp-json\/wp\/v2\/posts\/47637","targetHints":{"allow":["GET"]}}],"collection":[{"href":"https:\/\/nvnoticias.mx\/index.php\/wp-json\/wp\/v2\/posts"}],"about":[{"href":"https:\/\/nvnoticias.mx\/index.php\/wp-json\/wp\/v2\/types\/post"}],"author":[{"embeddable":true,"href":"https:\/\/nvnoticias.mx\/index.php\/wp-json\/wp\/v2\/users\/8"}],"replies":[{"embeddable":true,"href":"https:\/\/nvnoticias.mx\/index.php\/wp-json\/wp\/v2\/comments?post=47637"}],"version-history":[{"count":1,"href":"https:\/\/nvnoticias.mx\/index.php\/wp-json\/wp\/v2\/posts\/47637\/revisions"}],"predecessor-version":[{"id":47640,"href":"https:\/\/nvnoticias.mx\/index.php\/wp-json\/wp\/v2\/posts\/47637\/revisions\/47640"}],"wp:featuredmedia":[{"embeddable":true,"href":"https:\/\/nvnoticias.mx\/index.php\/wp-json\/wp\/v2\/media\/38235"}],"wp:attachment":[{"href":"https:\/\/nvnoticias.mx\/index.php\/wp-json\/wp\/v2\/media?parent=47637"}],"wp:term":[{"taxonomy":"category","embeddable":true,"href":"https:\/\/nvnoticias.mx\/index.php\/wp-json\/wp\/v2\/categories?post=47637"},{"taxonomy":"post_tag","embeddable":true,"href":"https:\/\/nvnoticias.mx\/index.php\/wp-json\/wp\/v2\/tags?post=47637"}],"curies":[{"name":"wp","href":"https:\/\/api.w.org\/{rel}","templated":true}]}}