{"id":47581,"date":"2022-03-30T12:47:23","date_gmt":"2022-03-30T18:47:23","guid":{"rendered":"https:\/\/nvnoticias.mx\/?p=47581"},"modified":"2022-03-30T12:47:24","modified_gmt":"2022-03-30T18:47:24","slug":"fallece-tom-parker-cantante-de-the-wanted-a-sus-33-anos","status":"publish","type":"post","link":"https:\/\/nvnoticias.mx\/index.php\/2022\/03\/30\/fallece-tom-parker-cantante-de-the-wanted-a-sus-33-anos\/","title":{"rendered":"Fallece Tom Parker cantante de The Wanted a sus 33 a\u00f1os"},"content":{"rendered":"\n<p>Tom Parker, miembro de la banda brit\u00e1nica The Wanted, muri\u00f3 menos de dos a\u00f1os despu\u00e9s de\u00a0anunciar su diagn\u00f3stico de tumor cerebral inoperable. Ten\u00eda 33 a\u00f1os.<\/p>\n\n\n\n<p>La esposa de Parker, Kelsey Hardwick, y sus compa\u00f1eros de banda, confirmaron su muerte en publicaciones de\u00a0Instagram\u00a0compartidas este mi\u00e9rcoles.<\/p>\n\n\n\n<p>El cantante &#8220;falleci\u00f3 pac\u00edficamente a la hora del almuerzo de hoy rodeado de su familia y sus compa\u00f1eros de banda&#8221;, escribi\u00f3 Wanted en Instagram. La banda llam\u00f3 a Parker su &#8220;hermano&#8221;.<\/p>\n\n\n\n<p>&#8220;Nuestros corazones est\u00e1n rotos, Tom era el centro de nuestro mundo y no podemos imaginar la vida sin su sonrisa contagiosa y su presencia en\u00e9rgica&#8221;,\u00a0dijo Hardwick en una publicaci\u00f3n de Instagram,\u00a0con una foto de Parker, Hardwick y sus dos hijos peque\u00f1os.<\/p>\n\n\n\n<iframe loading=\"lazy\" src=\"https:\/\/www.facebook.com\/plugins\/post.php?href=https%3A%2F%2Fwww.facebook.com%2FTheWanted%2Fposts%2F560519752099141&#038;show_text=true&#038;width=500\" width=\"500\" height=\"711\" style=\"border:none;overflow:hidden\" scrolling=\"no\" frameborder=\"0\" allowfullscreen=\"true\" allow=\"autoplay; clipboard-write; encrypted-media; picture-in-picture; web-share\"><\/iframe>\n\n\n\n<p>En octubre de 2020, Parker anunci\u00f3 que le hab\u00edan diagnosticado glioblastoma en etapa cuatro, un tipo agresivo de tumor cerebral. Recibi\u00f3 el diagn\u00f3stico despu\u00e9s de experimentar dos convulsiones, dijo en ese momento.<\/p>\n\n\n\n<p>Posteriormente,\u00a0en enero de 2021, dijo que el tama\u00f1o del tumor se hab\u00eda reducido significativamente.<\/p>\n\n\n\n<p>Parker fue uno de los cantantes de The Wanted, una banda mejor conocida por su \u00e9xito de 2011 &#8220;Glad You Came&#8221;. El grupo\u00a0hab\u00eda anunciado recientemente una gira de reuni\u00f3n\u00a0y un \u00e1lbum de grandes \u00e9xitos.<\/p>\n\n\n\n<p>En un espect\u00e1culo reciente en el Reino Unido, Parker apareci\u00f3 en el escenario con la banda en silla de ruedas.<\/p>\n\n\n\n<p>A principios de marzo, Parker\u00a0anunci\u00f3\u00a0que hab\u00eda escrito un libro &#8220;sobre encontrar esperanza en cualquier situaci\u00f3n en la que te encuentres&#8221;, que se publicar\u00e1 en julio.<\/p>\n\n\n\n<p>Fuente: <a href=\"https:\/\/cnnespanol.cnn.com\/2022\/03\/30\/muere-tom-parker-cantante-the-wanted-33-anos-trax\/\" data-type=\"URL\" data-id=\"https:\/\/cnnespanol.cnn.com\/2022\/03\/30\/muere-tom-parker-cantante-the-wanted-33-anos-trax\/\">CNN<\/a><\/p>\n","protected":false},"excerpt":{"rendered":"<p>Tom Parker, miembro de la banda brit\u00e1nica The Wanted, muri\u00f3 menos de dos a\u00f1os despu\u00e9s de\u00a0anunciar su diagn\u00f3stico de tumor cerebral inoperable. Ten\u00eda 33 a\u00f1os. La esposa de Parker, Kelsey Hardwick, y sus compa\u00f1eros de banda, confirmaron su muerte en publicaciones de\u00a0Instagram\u00a0compartidas este mi\u00e9rcoles. El cantante &#8220;falleci\u00f3 pac\u00edficamente a la hora del almuerzo de hoy [&hellip;]<\/p>\n","protected":false},"author":35,"featured_media":47584,"comment_status":"open","ping_status":"open","sticky":false,"template":"","format":"standard","meta":{"_monsterinsights_skip_tracking":false,"_monsterinsights_sitenote_active":false,"_monsterinsights_sitenote_note":"","_monsterinsights_sitenote_category":0,"footnotes":""},"categories":[576],"tags":[4095,2306,12633,12632],"class_list":["post-47581","post","type-post","status-publish","format-standard","has-post-thumbnail","hentry","category-ocio","tag-cantante","tag-fallece","tag-the-wanted","tag-tom-parker","wp-image-borders"],"amp_enabled":true,"_links":{"self":[{"href":"https:\/\/nvnoticias.mx\/index.php\/wp-json\/wp\/v2\/posts\/47581","targetHints":{"allow":["GET"]}}],"collection":[{"href":"https:\/\/nvnoticias.mx\/index.php\/wp-json\/wp\/v2\/posts"}],"about":[{"href":"https:\/\/nvnoticias.mx\/index.php\/wp-json\/wp\/v2\/types\/post"}],"author":[{"embeddable":true,"href":"https:\/\/nvnoticias.mx\/index.php\/wp-json\/wp\/v2\/users\/35"}],"replies":[{"embeddable":true,"href":"https:\/\/nvnoticias.mx\/index.php\/wp-json\/wp\/v2\/comments?post=47581"}],"version-history":[{"count":1,"href":"https:\/\/nvnoticias.mx\/index.php\/wp-json\/wp\/v2\/posts\/47581\/revisions"}],"predecessor-version":[{"id":47585,"href":"https:\/\/nvnoticias.mx\/index.php\/wp-json\/wp\/v2\/posts\/47581\/revisions\/47585"}],"wp:featuredmedia":[{"embeddable":true,"href":"https:\/\/nvnoticias.mx\/index.php\/wp-json\/wp\/v2\/media\/47584"}],"wp:attachment":[{"href":"https:\/\/nvnoticias.mx\/index.php\/wp-json\/wp\/v2\/media?parent=47581"}],"wp:term":[{"taxonomy":"category","embeddable":true,"href":"https:\/\/nvnoticias.mx\/index.php\/wp-json\/wp\/v2\/categories?post=47581"},{"taxonomy":"post_tag","embeddable":true,"href":"https:\/\/nvnoticias.mx\/index.php\/wp-json\/wp\/v2\/tags?post=47581"}],"curies":[{"name":"wp","href":"https:\/\/api.w.org\/{rel}","templated":true}]}}