{"id":47580,"date":"2022-03-30T12:40:54","date_gmt":"2022-03-30T18:40:54","guid":{"rendered":"https:\/\/nvnoticias.mx\/?p=47580"},"modified":"2022-03-30T12:40:55","modified_gmt":"2022-03-30T18:40:55","slug":"advierten-incremento-de-violencia-contra-menores-de-edad-en-veracruz","status":"publish","type":"post","link":"https:\/\/nvnoticias.mx\/index.php\/2022\/03\/30\/advierten-incremento-de-violencia-contra-menores-de-edad-en-veracruz\/","title":{"rendered":"Advierten incremento de violencia contra menores de edad en Veracruz"},"content":{"rendered":"\n<p><strong>Sam Ojeda \/ NV Noticias<\/strong><\/p>\n\n\n\n<p>Xalapa.- La secretaria ejecutiva del Sistema Nacional para la Protecci\u00f3n Integral de Ni\u00f1as, Ni\u00f1os y Adolescentes (SIPINNA) en Veracruz, Mar\u00eda del Pilar Villafuerte, reconoci\u00f3 que durante la pandemia por covid-19 se increment\u00f3 la violencia contra los menores de edad en un 20 por ciento.<\/p>\n\n\n\n<p>Entrevistada en la macroferia infantil \u201cAprendo a cuidarme\u201d en el Museo Kan\u00e1, se\u00f1al\u00f3 que son los padres o padrastros quienes com\u00fanmente ejercen este tipo de violencia.\u00a0<\/p>\n\n\n\n<blockquote class=\"wp-block-quote is-layout-flow wp-block-quote-is-layout-flow\"><p>\u201c<em>Aument\u00f3 un 20 por ciento la violencia contra los menores de edad durante la pandemia. Aument\u00f3 m\u00e1s la violencia f\u00edsica, desafortunadamente siempre ha habido violencia, en la mayor\u00eda de los casos son los progenitores y en otras los padrastros quienes incurren en esto<\/em>\u201d. \u00a0<\/p><\/blockquote>\n\n\n\n<p>Y que estas acciones ocurren mayor frecuencia contra menores de 7 a 16 a\u00f1os y la mayor\u00eda de las v\u00edctimas son ni\u00f1as, porque \u201cdesafortunadamente los padrastros abusan de ellas\u201d.\u00a0<\/p>\n\n\n\n<p>Dijo que hay municipios en donde la violencia se ha incrementado como Veracruz, Xalapa y Coatzacoalcos. Tan solo en Veracruz reciben hasta 30 denuncias an\u00f3nimas relacionadas con este tema al mes.\u00a0<\/p>\n\n\n\n<blockquote class=\"wp-block-quote is-layout-flow wp-block-quote-is-layout-flow\"><p>\u201c<em>El que m\u00e1s nos est\u00e1 impactando es el municipio de Veracruz porque aproximadamente 30 ni\u00f1os, ni\u00f1as y adolescentes al mes. Estamos en coordinaci\u00f3n con las procuradur\u00edas porque ellos dan seguimiento<\/em>\u201d.<\/p><\/blockquote>\n\n\n\n<p>Dijo que los procuradores deben acudir a verificar estas denuncias para corroborar que los hechos est\u00e9n ocurriendo y, en caso de ser necesario, solicitar el resguardo para el menor de edad. \u00a0<\/p>\n","protected":false},"excerpt":{"rendered":"<p>Sam Ojeda \/ NV Noticias Xalapa.- La secretaria ejecutiva del Sistema Nacional para la Protecci\u00f3n Integral de Ni\u00f1as, Ni\u00f1os y Adolescentes (SIPINNA) en Veracruz, Mar\u00eda del Pilar Villafuerte, reconoci\u00f3 que durante la pandemia por covid-19 se increment\u00f3 la violencia contra los menores de edad en un 20 por ciento. Entrevistada en la macroferia infantil \u201cAprendo [&hellip;]<\/p>\n","protected":false},"author":8,"featured_media":42298,"comment_status":"open","ping_status":"open","sticky":false,"template":"","format":"standard","meta":{"_monsterinsights_skip_tracking":false,"_monsterinsights_sitenote_active":false,"_monsterinsights_sitenote_note":"","_monsterinsights_sitenote_category":0,"footnotes":""},"categories":[156],"tags":[880,180,203],"class_list":["post-47580","post","type-post","status-publish","format-standard","has-post-thumbnail","hentry","category-estado","tag-menores-de-edad","tag-veracruz","tag-violencia","wp-image-borders"],"amp_enabled":true,"_links":{"self":[{"href":"https:\/\/nvnoticias.mx\/index.php\/wp-json\/wp\/v2\/posts\/47580","targetHints":{"allow":["GET"]}}],"collection":[{"href":"https:\/\/nvnoticias.mx\/index.php\/wp-json\/wp\/v2\/posts"}],"about":[{"href":"https:\/\/nvnoticias.mx\/index.php\/wp-json\/wp\/v2\/types\/post"}],"author":[{"embeddable":true,"href":"https:\/\/nvnoticias.mx\/index.php\/wp-json\/wp\/v2\/users\/8"}],"replies":[{"embeddable":true,"href":"https:\/\/nvnoticias.mx\/index.php\/wp-json\/wp\/v2\/comments?post=47580"}],"version-history":[{"count":1,"href":"https:\/\/nvnoticias.mx\/index.php\/wp-json\/wp\/v2\/posts\/47580\/revisions"}],"predecessor-version":[{"id":47582,"href":"https:\/\/nvnoticias.mx\/index.php\/wp-json\/wp\/v2\/posts\/47580\/revisions\/47582"}],"wp:featuredmedia":[{"embeddable":true,"href":"https:\/\/nvnoticias.mx\/index.php\/wp-json\/wp\/v2\/media\/42298"}],"wp:attachment":[{"href":"https:\/\/nvnoticias.mx\/index.php\/wp-json\/wp\/v2\/media?parent=47580"}],"wp:term":[{"taxonomy":"category","embeddable":true,"href":"https:\/\/nvnoticias.mx\/index.php\/wp-json\/wp\/v2\/categories?post=47580"},{"taxonomy":"post_tag","embeddable":true,"href":"https:\/\/nvnoticias.mx\/index.php\/wp-json\/wp\/v2\/tags?post=47580"}],"curies":[{"name":"wp","href":"https:\/\/api.w.org\/{rel}","templated":true}]}}