{"id":47518,"date":"2022-03-30T09:29:50","date_gmt":"2022-03-30T15:29:50","guid":{"rendered":"https:\/\/nvnoticias.mx\/?p=47518"},"modified":"2022-03-30T09:29:52","modified_gmt":"2022-03-30T15:29:52","slug":"oposicion-impugna-ante-scjn-decreto-sobre-propaganda-ante-revocacion","status":"publish","type":"post","link":"https:\/\/nvnoticias.mx\/index.php\/2022\/03\/30\/oposicion-impugna-ante-scjn-decreto-sobre-propaganda-ante-revocacion\/","title":{"rendered":"Oposici\u00f3n impugna ante SCJN decreto sobre propaganda ante revocaci\u00f3n"},"content":{"rendered":"\n<p>Senadores del PAN, PRI, PRD y Grupo Plural presentaron una acci\u00f3n de inconstitucionalidad ante la Suprema Corte de Justicia de la Naci\u00f3n (SCJN) en contra del decreto de interpretaci\u00f3n aut\u00e9ntica del concepto de \u201cpropaganda gubernamental\u201d. <\/p>\n\n\n\n<p>Lo anterior, dentro del procedimiento de la revocaci\u00f3n de mandato, publicado el pasado 17 de marzo pasado en el Diario Oficial de la Federaci\u00f3n (DOF), as\u00ed como de diversas disposiciones de la Ley General de Instituciones y Procedimientos Electorales y de la Ley Federal de Revocaci\u00f3n de Mandato, que buscaban que legisladores, gobernadores y dem\u00e1s servidores p\u00fablicos, incluido el Presidente de la Rep\u00fablica, pudieran promover la revocaci\u00f3n de mandato. <\/p>\n\n\n\n<p>Los legisladores de oposici\u00f3n advirtieron que este \u201catropello\u201d contraven\u00eda la Constituci\u00f3n y que esta excepci\u00f3n, modificaba de manera sustancial y grave la equidad en este ejercicio electoral. <\/p>\n\n\n\n<p>El 28 de marzo, la Sala Superior del Tribunal Electoral del Poder Judicial de la Federaci\u00f3n (TEPJF) declar\u00f3 inaplicable dicho decreto de interpretaci\u00f3n y se\u00f1al\u00f3 que este \u201cno realiza una interpretaci\u00f3n aut\u00e9ntica del concepto \u0301propaganda gubernamental \u0301, sino que se establece una excepci\u00f3n a la prohibici\u00f3n de difusi\u00f3n de propaganda gubernamental durante el desarrollo de un proceso de revocaci\u00f3n de mandato, lo cual, es violatorio de la prohibici\u00f3n prevista en la propia Constituci\u00f3n general\u201d.\u00a0 <\/p>\n\n\n\n<p>En este sentido, la declaraci\u00f3n del TEPJF asisti\u00f3 en la raz\u00f3n a los Senadores que consideraron que este decreto era a todas luces improcedente. <\/p>\n\n\n\n<p>Los legisladores aseguraron que esperan que la acci\u00f3n de inconstitucionalidad presentada ante la SCJN sea considerada con la misma convicci\u00f3n y vocaci\u00f3n democr\u00e1ticas y sea resuelta en la misma direcci\u00f3n que la resoluci\u00f3n del TEPJF, lo anterior seguir\u00e1 fortaleciendo el Estado de Derecho, el respeto a los principios de equidad en las contiendas electorales y el pleno respeto a los procesos y voluntad del Poder Legislativo. <\/p>\n\n\n\n<p>Fuente: <a href=\"https:\/\/www.milenio.com\/politica\/revocacion-mandato-oposicion-impugna-scjn-decreto-propaganda\">Milenio<\/a><\/p>\n","protected":false},"excerpt":{"rendered":"<p>Senadores del PAN, PRI, PRD y Grupo Plural presentaron una acci\u00f3n de inconstitucionalidad ante la Suprema Corte de Justicia de la Naci\u00f3n (SCJN) en contra del decreto de interpretaci\u00f3n aut\u00e9ntica del concepto de \u201cpropaganda gubernamental\u201d. Lo anterior, dentro del procedimiento de la revocaci\u00f3n de mandato, publicado el pasado 17 de marzo pasado en el Diario [&hellip;]<\/p>\n","protected":false},"author":8,"featured_media":46642,"comment_status":"open","ping_status":"open","sticky":false,"template":"","format":"standard","meta":{"_monsterinsights_skip_tracking":false,"_monsterinsights_sitenote_active":false,"_monsterinsights_sitenote_note":"","_monsterinsights_sitenote_category":0,"footnotes":""},"categories":[158],"tags":[162,3993,5354,3194],"class_list":["post-47518","post","type-post","status-publish","format-standard","has-post-thumbnail","hentry","category-politica","tag-portada","tag-propaganda","tag-revocacion-de-mandato","tag-scjn","wp-image-borders"],"amp_enabled":true,"_links":{"self":[{"href":"https:\/\/nvnoticias.mx\/index.php\/wp-json\/wp\/v2\/posts\/47518","targetHints":{"allow":["GET"]}}],"collection":[{"href":"https:\/\/nvnoticias.mx\/index.php\/wp-json\/wp\/v2\/posts"}],"about":[{"href":"https:\/\/nvnoticias.mx\/index.php\/wp-json\/wp\/v2\/types\/post"}],"author":[{"embeddable":true,"href":"https:\/\/nvnoticias.mx\/index.php\/wp-json\/wp\/v2\/users\/8"}],"replies":[{"embeddable":true,"href":"https:\/\/nvnoticias.mx\/index.php\/wp-json\/wp\/v2\/comments?post=47518"}],"version-history":[{"count":1,"href":"https:\/\/nvnoticias.mx\/index.php\/wp-json\/wp\/v2\/posts\/47518\/revisions"}],"predecessor-version":[{"id":47519,"href":"https:\/\/nvnoticias.mx\/index.php\/wp-json\/wp\/v2\/posts\/47518\/revisions\/47519"}],"wp:featuredmedia":[{"embeddable":true,"href":"https:\/\/nvnoticias.mx\/index.php\/wp-json\/wp\/v2\/media\/46642"}],"wp:attachment":[{"href":"https:\/\/nvnoticias.mx\/index.php\/wp-json\/wp\/v2\/media?parent=47518"}],"wp:term":[{"taxonomy":"category","embeddable":true,"href":"https:\/\/nvnoticias.mx\/index.php\/wp-json\/wp\/v2\/categories?post=47518"},{"taxonomy":"post_tag","embeddable":true,"href":"https:\/\/nvnoticias.mx\/index.php\/wp-json\/wp\/v2\/tags?post=47518"}],"curies":[{"name":"wp","href":"https:\/\/api.w.org\/{rel}","templated":true}]}}