{"id":47503,"date":"2022-03-29T21:04:16","date_gmt":"2022-03-30T03:04:16","guid":{"rendered":"https:\/\/nvnoticias.mx\/?p=47503"},"modified":"2022-03-29T21:04:18","modified_gmt":"2022-03-30T03:04:18","slug":"activan-fase-1-de-contingencia-ambiental-en-zona-metropolitana-del-valle-de-mexico","status":"publish","type":"post","link":"https:\/\/nvnoticias.mx\/index.php\/2022\/03\/29\/activan-fase-1-de-contingencia-ambiental-en-zona-metropolitana-del-valle-de-mexico\/","title":{"rendered":"Activan Fase 1 de Contingencia Ambiental en Zona Metropolitana del Valle de M\u00e9xico"},"content":{"rendered":"\n<p>La Comisi\u00f3n Ambiental de la Megal\u00f3polis (CAMe) activ\u00f3 la\u00a0Fase 1 de Contingencia Ambiental por Ozono\u00a0en la\u00a0Zona Metropolitana del Valle de M\u00e9xico, ya que a las 16:00 horas del d\u00eda de hoy, se registraron concentraciones m\u00e1ximas de ozono de 162 ppb y 156 ppb en las estaciones de monitoreo Santa Fe y Merced, respectivamente ubicadas en las Alcald\u00edas de Cuajimalpa y Cuauht\u00e9moc de la Ciudad de M\u00e9xico.<\/p>\n\n\n\n<p>Lo anterior es debido a la influencia de un sistema de alta presi\u00f3n sobre la Zona Metropolitana del Valle de M\u00e9xico, el cual se fortaleci\u00f3 durante el d\u00eda, incrementando la estabilidad atmosf\u00e9rica, la presencia de viento d\u00e9bil y la incidencia de una intensa radiaci\u00f3n solar que favoreci\u00f3 la formaci\u00f3n de ozono combinado con el transporte de los contaminantes hacia la zona Suroeste del Valle de M\u00e9xico.<\/p>\n\n\n\n<p>La jefa de Gobierno de la Ciudad de M\u00e9xico se\u00f1al\u00f3 que hay que estar atentos y evitar actividades al aire libre.<\/p>\n\n\n\n<p>Ma\u00f1ana mi\u00e9rcoles 30 de marzo, deber\u00e1n&nbsp;<strong><a href=\"https:\/\/www.eluniversal.com.mx\/\" target=\"_blank\" rel=\"noreferrer noopener\">suspender su circulaci\u00f3n<\/a><\/strong>&nbsp;en horario de las 5:00 a las 22:00 horas:&nbsp;<\/p>\n\n\n\n<p>a) \u00a0 \u00a0Los veh\u00edculos de uso particular con holograma de verificaci\u00f3n 2.\u00a0<br>b) \u00a0 \u00a0Los veh\u00edculos de uso particular con holograma de verificaci\u00f3n tipo 1 cuyo \u00faltimo d\u00edgito num\u00e9rico sea 2, 3, 4, 6, 8, y 0, as\u00ed como \u00a0aquellos cuya matr\u00edcula est\u00e9 conformada s\u00f3lo por letras.<br>c) \u00a0 \u00a0Los veh\u00edculos de uso particular con holograma de verificaci\u00f3n \u201c0 y 00\u201d, engomado rojo, terminaci\u00f3n de placa 3 y 4 .<br>d) \u00a0 \u00a0Los veh\u00edculos con matr\u00edcula for\u00e1nea de uso particular que no porten holograma de verificaci\u00f3n o que tengan holograma tipo 1 o 2.<br>e) \u00a0 \u00a0Los veh\u00edculos con matr\u00edcula for\u00e1nea de uso particular con holograma \u00a0\u201c00\u201d \u00f3 \u201c0\u201d \u00a0 engomado rojo, terminaci\u00f3n de placa 3 y 4.<br>f) \u00a0 \u00a0Las unidades que transportan gas licuado de petr\u00f3leo (pipas y\/o semi remolques) cuya matr\u00edcula sea PAR.<br>g) \u00a0 \u00a0Los veh\u00edculos de carga local o federal dejan de circular entre las 6:00 y las 10:00 horas., con excepci\u00f3n de aquellos que se encuentren en el Programa de Autorregulaci\u00f3n de la CDMX o EDOMEX.<br>h) \u00a0 \u00a0Los Taxis con holograma de verificaci\u00f3n \u201c1\u201d o \u201c2\u201d que deban dejar de circular de acuerdo a las disposiciones indicadas en los incisos \u00a0a) y b) les aplicar\u00e1 la restricci\u00f3n a la circulaci\u00f3n de las 10:00 a las 22:00 horas.<\/p>\n\n\n\n<h4 class=\"wp-block-heading\">Exenciones<\/h4>\n\n\n\n<p>&#8211; Veh\u00edculos el\u00e9ctricos e h\u00edbridos, adem\u00e1s, los que cuenten con matr\u00edcula ecol\u00f3gica u holograma tipo exento<br>&#8211; Veh\u00edculos que porten holograma \u201c00\u201d o \u201c0\u201d cualquiera que sea su uso, con excepci\u00f3n de los veh\u00edculos con \u00a0hologramas \u201c0 y 00\u201d engomado color rojo, \u00a0terminaci\u00f3n de placa 3 y 4<br>&#8211; Veh\u00edculos de uso particular destinados en circunstancias manifiestas y urgentes, para atender una emergencia m\u00e9dica (incluye veh\u00edculos con personas que asisten a la vacunaci\u00f3n por la COVID-19 y que porten folio de cita)<br>&#8211;\u00a0Veh\u00edculos de uso particular de trabajadores y trabajadoras del sector salud en todas sus especialidades, param\u00e9dica y administrativa con credencial vigente<br>&#8211; Los taxis pueden circular de 5:00 a las 10:00 horas los d\u00edas que tengan restricci\u00f3n por Programa Hoy No Circula, independientemente del holograma que porten, con la finalidad de apoyar la movilidad de la poblaci\u00f3n<br>&#8211; Veh\u00edculos de servicios urbanos, destinados a prestar servicios de emergencia, emergencias m\u00e9dicas, salud, seguridad p\u00fablica, bomberos, rescate, protecci\u00f3n civil, de vigilancia ambiental<br>&#8211; Veh\u00edculos de transporte escolar y de personal, que cumplan con las especificaciones de verificaci\u00f3n vehicular vigentes y cuenten con el holograma y autorizaci\u00f3n correspondiente<br>&#8211; Veh\u00edculos destinados a cortejos f\u00fanebres y transporte de servicios funerarios, que cuenten con holograma de verificaci\u00f3n vigente<br>&#8211; Veh\u00edculos para personas con discapacidad que cuenten con el Permiso para exentar el Hoy No Circula por Discapacidad, el Holograma de Discapacidad, o placa para personas con discapacidad seg\u00fan la entidad que corresponda<br>Transporte de residuos y materiales peligrosos que cuenten con la autorizaci\u00f3n correspondiente, excepto veh\u00edculos que transporten combustibles (gasolina, di\u00e9sel y gas LP)<br>&#8211; Los veh\u00edculos identificados con tarjeta de circulaci\u00f3n de servicio p\u00fablico de pasajeros y turismo (vagonetas, microbuses y autobuses) con placa federal o local, que cumplan con las disposiciones de verificaci\u00f3n vigentes<br>&#8211; Los veh\u00edculos que formen parte del Programa Paisano y porten la autorizaci\u00f3n correspondiente<br>&#8211;\u00a0Los veh\u00edculos que transportan mercanc\u00edas o productos perecederos en unidades con sistemas de refrigeraci\u00f3n, as\u00ed como las unidades revolvedoras de concreto.<\/p>\n\n\n\n<p>Fuente: <a href=\"https:\/\/www.eluniversal.com.mx\/metropoli\/activan-fase-1-de-contingencia-ambiental-en-zona-metropolitana-del-valle-de-mexico\">El Universal<\/a><\/p>\n","protected":false},"excerpt":{"rendered":"<p>La Comisi\u00f3n Ambiental de la Megal\u00f3polis (CAMe) activ\u00f3 la\u00a0Fase 1 de Contingencia Ambiental por Ozono\u00a0en la\u00a0Zona Metropolitana del Valle de M\u00e9xico, ya que a las 16:00 horas del d\u00eda de hoy, se registraron concentraciones m\u00e1ximas de ozono de 162 ppb y 156 ppb en las estaciones de monitoreo Santa Fe y Merced, respectivamente ubicadas en [&hellip;]<\/p>\n","protected":false},"author":8,"featured_media":47504,"comment_status":"open","ping_status":"open","sticky":false,"template":"","format":"standard","meta":{"_monsterinsights_skip_tracking":false,"_monsterinsights_sitenote_active":false,"_monsterinsights_sitenote_note":"","_monsterinsights_sitenote_category":0,"footnotes":""},"categories":[157],"tags":[8307,12609,177],"class_list":["post-47503","post","type-post","status-publish","format-standard","has-post-thumbnail","hentry","category-nacional","tag-contingencia-ambiental","tag-fase-1","tag-valle-de-mexico","wp-image-borders"],"amp_enabled":true,"_links":{"self":[{"href":"https:\/\/nvnoticias.mx\/index.php\/wp-json\/wp\/v2\/posts\/47503","targetHints":{"allow":["GET"]}}],"collection":[{"href":"https:\/\/nvnoticias.mx\/index.php\/wp-json\/wp\/v2\/posts"}],"about":[{"href":"https:\/\/nvnoticias.mx\/index.php\/wp-json\/wp\/v2\/types\/post"}],"author":[{"embeddable":true,"href":"https:\/\/nvnoticias.mx\/index.php\/wp-json\/wp\/v2\/users\/8"}],"replies":[{"embeddable":true,"href":"https:\/\/nvnoticias.mx\/index.php\/wp-json\/wp\/v2\/comments?post=47503"}],"version-history":[{"count":1,"href":"https:\/\/nvnoticias.mx\/index.php\/wp-json\/wp\/v2\/posts\/47503\/revisions"}],"predecessor-version":[{"id":47505,"href":"https:\/\/nvnoticias.mx\/index.php\/wp-json\/wp\/v2\/posts\/47503\/revisions\/47505"}],"wp:featuredmedia":[{"embeddable":true,"href":"https:\/\/nvnoticias.mx\/index.php\/wp-json\/wp\/v2\/media\/47504"}],"wp:attachment":[{"href":"https:\/\/nvnoticias.mx\/index.php\/wp-json\/wp\/v2\/media?parent=47503"}],"wp:term":[{"taxonomy":"category","embeddable":true,"href":"https:\/\/nvnoticias.mx\/index.php\/wp-json\/wp\/v2\/categories?post=47503"},{"taxonomy":"post_tag","embeddable":true,"href":"https:\/\/nvnoticias.mx\/index.php\/wp-json\/wp\/v2\/tags?post=47503"}],"curies":[{"name":"wp","href":"https:\/\/api.w.org\/{rel}","templated":true}]}}