{"id":47458,"date":"2022-03-29T14:53:53","date_gmt":"2022-03-29T20:53:53","guid":{"rendered":"https:\/\/nvnoticias.mx\/?p=47458"},"modified":"2022-03-29T14:53:54","modified_gmt":"2022-03-29T20:53:54","slug":"la-idealizacion-de-la-figura-presidencial-y-sus-riesgos","status":"publish","type":"post","link":"https:\/\/nvnoticias.mx\/index.php\/2022\/03\/29\/la-idealizacion-de-la-figura-presidencial-y-sus-riesgos\/","title":{"rendered":"La idealizaci\u00f3n de la figura presidencial y sus riesgos"},"content":{"rendered":"\n<p><strong>Ricardo Homs<\/strong><\/p>\n\n\n\n<p>El protagonismo total y absoluto de la figura presidencial queda de manifiesto con el gran show medi\u00e1tico convocado por\u00a0MORENA, -y la 4T en su conjunto-, para apoyar a un presidente que ni remotamente est\u00e1 en riesgo de ser destituido a partir de la consulta ciudadana para revocaci\u00f3n de mandato.<\/p>\n\n\n\n<p>El \u201cdecretazo\u201d que autoriza que\u00a0funcionarios p\u00fablicos\u00a0participen en el show es una muestra m\u00e1s de este esp\u00edritu festivo. Sin embargo, los excesos traen cong\u00e9nito un esp\u00edritu de destrucci\u00f3n.<\/p>\n\n\n\n<p>La cargada de aplaudidores es tan abrumadora que est\u00e1 llegando al exceso de poner por encima de su propio proyecto pol\u00edtico, -que es la 4T-, a la figura presidencial.<\/p>\n\n\n\n<p>De este modo pronto veremos como no habr\u00e1 figura de ese movimiento pol\u00edtico que pueda darle continuidad a un proyecto vac\u00edo y sin esencia. \u00bfQui\u00e9n llenar\u00e1 los zapatos de un pr\u00f3cer idealizado en el altar de la patria? Quien fuere, se ver\u00e1 peque\u00f1o\u2026 insignificante y por tanto, vulnerable, aunque lleve la bendici\u00f3n de\u00a0Andr\u00e9s Manuel L\u00f3pez Obrador.<\/p>\n\n\n\n<p>Imaginemos a un sucesor del presidente L\u00f3pez Obrador en un pa\u00eds donde ya se perdi\u00f3 el respeto a la autoridad institucional, como sucede hoy en M\u00e9xico.<\/p>\n\n\n\n<p>Debemos reconocer que el presidente mantiene una aprobaci\u00f3n incondicional por parte de un sector mayoritario de la poblaci\u00f3n y esto representa una vinculaci\u00f3n emocional de tipo personal, que ser\u00e1 imposible endosar a su sucesor, aunque sea designado por \u00e9l. Quien le suceda en el cargo tendr\u00e1 que construir su propio estilo de gobernar y su forma de vincularse personalmente con el ciudadano.<\/p>\n\n\n\n<p>La lealtad que hoy le profesan al presidente sus seguidores es total y de excepci\u00f3n, en un mundo donde la lealtad se empieza a desdibujar como un valor moral de nuestra sociedad.<\/p>\n\n\n\n<p>Antes de la era de la globalizaci\u00f3n y las redes sociales, -esto es hasta el fin del siglo XX-, la gente era leal a sus principios e ideas, a las marcas de sus productos y servicios, a sus partidos pol\u00edticos y en general hacia todo lo que le representaba un significado de valor. Pero hoy la inestabilidad es notoria como estilo de vida.<\/p>\n\n\n\n<p>Que el presidente L\u00f3pez Obrador es la excepci\u00f3n a la regla, es evidente. Despu\u00e9s de m\u00e1s de doce a\u00f1os de campa\u00f1a se convirti\u00f3 en una obsesi\u00f3n para mucha gente que quer\u00eda un cambio tota l, -como \u00e9l lo represent\u00f3 en su momento-, en una esperanza para otros y en la mejor opci\u00f3n para el voto de castigo que en 2018 quer\u00eda ejercer un gran n\u00famero de ciudadanos, hartos de la corrupci\u00f3n de un sistema pol\u00edtico viejo, anquilosado y autoritario. L\u00f3pez Obrador durante la campa\u00f1a presidencial signific\u00f3 esa expectativa.<\/p>\n\n\n\n<p>Sin embargo, su sucesor no tendr\u00e1 ese beneficio tan subjetivo y por ello ser\u00e1 el responsable de pagar las facturas de los graves errores de este gobierno, que est\u00e1 da\u00f1ando nuestra econom\u00eda, dejando crecer\u00a0la violencia y la inseguridad\u00a0hacia niveles intolerables y orientando el \u00e1nimo colectivo hacia el conflicto y la confrontaci\u00f3n cr\u00f3nica.<\/p>\n\n\n\n<p>Gracias a su carisma personal seguramente L\u00f3pez Obrador saldr\u00e1 bien librado, -en 2024-, de todo este negro legado que nos dejar\u00e1, pero estar\u00e1 endosando a su sucesor el pago de facturas.<\/p>\n\n\n\n<p>El pr\u00f3ximo presidente tendr\u00e1 que enfrentar graves problemas para mantenerse en el poder, entre ellos, una consulta de revocaci\u00f3n de mandato que ya no ser\u00e1 un show, sino un\u00a0ejercicio democr\u00e1tico efectivo, donde correr\u00e1 el riesgo de ser despedido.<\/p>\n\n\n\n<p>Entre ese legado negativo que dejar\u00e1 L\u00f3pez Obrador estar\u00e1 incluido un grave debilitamiento del Estado de Derecho, as\u00ed como del respeto a la autoridad por parte del ciudadano.<\/p>\n\n\n\n<p>Este contexto no ha hecho crisis a\u00fan por la veneraci\u00f3n y el afecto que el ciudadano siente por la persona del presidente, m\u00e1s que por respeto a nuestra Constituci\u00f3n y a las instituciones que \u00e9l representa como derivaci\u00f3n de su investidura. Por ello, el presidente L\u00f3pez Obrador, -a\u00fan con todos los conflictos que se han suscitado-, no ha perdido la gobernabilidad.<\/p>\n\n\n\n<p>Sin embargo, su sucesor no contar\u00e1 con este blindaje emocional de apoyo popular, pues los afectos dif\u00edcilmente se transfieren al cien por ciento y ello supondr\u00e1 otro tipo de vinculaci\u00f3n del pr\u00f3ximo presidente con la ciudadan\u00eda.<\/p>\n\n\n\n<p>Quiz\u00e1, incluso, su sucesor tenga que echar mano de la represi\u00f3n para contener el descontento popular que se derive del impacto negativo de la econom\u00eda nacional en el poder adquisitivo de las familias y el empoderamiento a\u00fan mayor de la delincuencia organizada, generando inseguridad y violencia en un entorno de impunidad.<\/p>\n\n\n\n<p>En el contexto social y pol\u00edtico del\u00a0sexenio\u00a0que iniciar\u00e1 en diciembre del 2024 la consulta de revocaci\u00f3n de mandato, -quiz\u00e1 para el 2027-, se convierta en un verdadero ejercicio popular convocado por la ciudadan\u00eda y as\u00ed se cumpla de verdad el esp\u00edritu de este instrumento de la democracia.<\/p>\n\n\n\n<h4 class=\"wp-block-heading\">MACHISMO PURO Y ESTEREOTIPOS DE G\u00c9NERO<\/h4>\n\n\n\n<p>Lo que la\u00a0SCJN\u00a0ha estado analizando, respecto a la querella promovida por el fiscal Gertz Manero en contra de su familia pol\u00edtica y que tiene en la c\u00e1rcel a Alejandra Cuevas Mor\u00e1n, -la hija de Laura Mor\u00e1n-, pareja sentimental de su hermano Federico, -quien est\u00e1 en arraigo domiciliario-, tiene gran trascendencia.<\/p>\n\n\n\n<p>El ministro de la Suprema Corte de Justicia de la Naci\u00f3n\u00a0Jos\u00e9 Luis Gonz\u00e1lez Alc\u00e1ntara\u00a0defini\u00f3 correctamente el abuso de los derechos humanos de Alejandra Cuevas Mor\u00e1n como \u201cEstereotipos de G\u00e9nero\u201d.<\/p>\n\n\n\n<p>\u00bfD\u00f3nde responsabiliza nuestra Constituci\u00f3n a las mujeres por el cuidado de la salud de su c\u00f3nyuge? &#8230; Menos a\u00fan a las otras mujeres de la familia, hijas de sus c\u00f3nyuges o pareja.<\/p>\n\n\n\n<p>Este caso va a sentar un precedente jur\u00eddico en la equidad de g\u00e9nero y derechos de la mujer dentro de una relaci\u00f3n de pareja.<\/p>\n\n\n\n<p>Hace muchos a\u00f1os se elimin\u00f3 la lectura de la famosa\u00a0\u201cEp\u00edstola de Melchor Ocampo\u201d\u00a0durante la ceremonia del matrimonio civil, por considerarse una apolog\u00eda del sometimiento de la mujer a la autoridad masculina del c\u00f3nyuge. Una apolog\u00eda po\u00e9tica, -hay que decirlo-, pero violatoria de los derechos b\u00e1sicos de la mujer dentro del matrimonio.<\/p>\n\n\n\n<p>\u00bfQui\u00e9n le asign\u00f3 esa responsabilidad de servidumbre a do\u00f1a Laura Mor\u00e1n y a su hija Alejandra? &#8230; es la pregunta y adem\u00e1s\u2026 \u00bfSon responsabilidades hereditarias por vinculaci\u00f3n familiar?<\/p>\n\n\n\n<h4 class=\"wp-block-heading\">DIPUTADOS A FAVOR DE RUSIA<\/h4>\n\n\n\n<p>La iniciativa del diputado y presidente del PT,\u00a0Alberto Anaya, respecto a la formaci\u00f3n de un grupo legislativo denominado \u201cAmistad M\u00e9xico Rusia\u201d, parece no ser oportuna en el contexto actual, siendo este pa\u00eds el protagonista villano de un conflicto de alta repercusi\u00f3n global, que puede ser malinterpretado.<\/p>\n\n\n\n<p>La significaci\u00f3n de que este grupo se forme dentro de nuestro m\u00e1s importante instituto legislativo podr\u00eda parecer un espaldarazo de nuestro pa\u00eds hacia Rusia en este conflicto que lo ubica como potencia militar agresora de\u00a0Ucrania.<\/p>\n\n\n\n<p>Bastantes mensajes de fuerte conflicto hemos enviado al mundo en boca de nuestro presidente, como para lanzar este otro, que podr\u00eda ser interpretado como la aprobaci\u00f3n de M\u00e9xico a la invasi\u00f3n rusa sobre Ucrania. Sabemos que esta es una pr\u00e1ctica amistosa usual en el \u00e1mbito legislativo, que no tiene implicaciones sobre nuestra pol\u00edtica exterior.<\/p>\n\n\n\n<p>Sin embargo, la forma genera significados y percepciones que pueden ser de alto impacto y derivar en consecuencias para M\u00e9xico. \u00bfQu\u00e9 necesidad?<\/p>\n\n\n\n<p>\u00bfA usted qu\u00e9 le parece?<br>&nbsp;<\/p>\n\n\n\n<p><em>Facebook: @Ricardo.Homs1<br>Twitter: @homsricardo<br>Linkedin: Ricardo Homs<br><a href=\"http:\/\/www.ricardohoms.com\/\">www.ricardohoms.com<\/a><\/em><\/p>\n","protected":false},"excerpt":{"rendered":"<p>Ricardo Homs El protagonismo total y absoluto de la figura presidencial queda de manifiesto con el gran show medi\u00e1tico convocado por\u00a0MORENA, -y la 4T en su conjunto-, para apoyar a un presidente que ni remotamente est\u00e1 en riesgo de ser destituido a partir de la consulta ciudadana para revocaci\u00f3n de mandato. El \u201cdecretazo\u201d que autoriza [&hellip;]<\/p>\n","protected":false},"author":18,"featured_media":39468,"comment_status":"open","ping_status":"open","sticky":false,"template":"","format":"standard","meta":{"_monsterinsights_skip_tracking":false,"_monsterinsights_sitenote_active":false,"_monsterinsights_sitenote_note":"","_monsterinsights_sitenote_category":0,"footnotes":""},"categories":[246],"tags":[173],"class_list":["post-47458","post","type-post","status-publish","format-standard","has-post-thumbnail","hentry","category-ricardo-homs","tag-ricardo-homs","wp-image-borders"],"amp_enabled":true,"_links":{"self":[{"href":"https:\/\/nvnoticias.mx\/index.php\/wp-json\/wp\/v2\/posts\/47458","targetHints":{"allow":["GET"]}}],"collection":[{"href":"https:\/\/nvnoticias.mx\/index.php\/wp-json\/wp\/v2\/posts"}],"about":[{"href":"https:\/\/nvnoticias.mx\/index.php\/wp-json\/wp\/v2\/types\/post"}],"author":[{"embeddable":true,"href":"https:\/\/nvnoticias.mx\/index.php\/wp-json\/wp\/v2\/users\/18"}],"replies":[{"embeddable":true,"href":"https:\/\/nvnoticias.mx\/index.php\/wp-json\/wp\/v2\/comments?post=47458"}],"version-history":[{"count":1,"href":"https:\/\/nvnoticias.mx\/index.php\/wp-json\/wp\/v2\/posts\/47458\/revisions"}],"predecessor-version":[{"id":47460,"href":"https:\/\/nvnoticias.mx\/index.php\/wp-json\/wp\/v2\/posts\/47458\/revisions\/47460"}],"wp:featuredmedia":[{"embeddable":true,"href":"https:\/\/nvnoticias.mx\/index.php\/wp-json\/wp\/v2\/media\/39468"}],"wp:attachment":[{"href":"https:\/\/nvnoticias.mx\/index.php\/wp-json\/wp\/v2\/media?parent=47458"}],"wp:term":[{"taxonomy":"category","embeddable":true,"href":"https:\/\/nvnoticias.mx\/index.php\/wp-json\/wp\/v2\/categories?post=47458"},{"taxonomy":"post_tag","embeddable":true,"href":"https:\/\/nvnoticias.mx\/index.php\/wp-json\/wp\/v2\/tags?post=47458"}],"curies":[{"name":"wp","href":"https:\/\/api.w.org\/{rel}","templated":true}]}}