{"id":47437,"date":"2022-03-29T14:16:13","date_gmt":"2022-03-29T20:16:13","guid":{"rendered":"https:\/\/nvnoticias.mx\/?p=47437"},"modified":"2022-03-29T14:16:15","modified_gmt":"2022-03-29T20:16:15","slug":"critica-gobernador-a-cndh-por-recomendacion-en-el-caso-contra-jose-manuel-n","status":"publish","type":"post","link":"https:\/\/nvnoticias.mx\/index.php\/2022\/03\/29\/critica-gobernador-a-cndh-por-recomendacion-en-el-caso-contra-jose-manuel-n\/","title":{"rendered":"Critica Gobernador a CNDH por recomendaci\u00f3n en el caso contra Jos\u00e9 Manuel &#8220;N&#8221;"},"content":{"rendered":"\n<p><strong>Sam Ojeda\u00a0\/ NV Noticias<\/strong><\/p>\n\n\n\n<p>Xalapa.- El gobernador Cuitl\u00e1huac Garc\u00eda Jim\u00e9nez critic\u00f3 a la Comisi\u00f3n Nacional de Derechos Humanos (CNDH) por la recomendaci\u00f3n que emiti\u00f3 a la Fiscal\u00eda General de Veracruz por las violaciones a los derechos humanos de Jos\u00e9 Manuel \u201cN\u201d, detenido por el delito de homicidio de Remigio Tovar Tovar, candidato de MC a la alcald\u00eda de Cazones de Herrera.\u00a0<\/p>\n\n\n\n<p>Adem\u00e1s, critic\u00f3 al juez de distrito Jes\u00fas Arturo Cu\u00e9llar D\u00edaz que orden\u00f3 repetir la audiencia de vinculaci\u00f3n contra Jos\u00e9 Manuel \u201cN\u201d, ya que dijo esta determinaci\u00f3n no atiende a los principios de justicia.\u00a0<\/p>\n\n\n\n<blockquote class=\"wp-block-quote is-layout-flow wp-block-quote-is-layout-flow\"><p>\u201c<em>No se ha demostrado que en efecto se violaron los derechos, pero yo lo digo muy claro, \u00bfpor qu\u00e9 las instancias de derechos no ven por los derechos de la v\u00edctima y se empe\u00f1an en hacer valer las falsas violaciones a los derechos del presunto homicida?<\/em>\u201d, pregunt\u00f3. \u00a0<\/p><\/blockquote>\n\n\n\n<p>Pregunt\u00f3 si existe una \u201ccoordinaci\u00f3n\u201d entre la defensa de Jos\u00e9 Manuel \u201cN\u201d y la CNDH para lograr que se emitiera la recomendaci\u00f3n para que el juez de distrito tuviera argumentos para su resoluci\u00f3n en torno a la restituci\u00f3n de la audiencia de vinculaci\u00f3n.\u00a0<\/p>\n\n\n\n<blockquote class=\"wp-block-quote is-layout-flow wp-block-quote-is-layout-flow\"><p>\u201c<em>La CNDH se apresur\u00f3 para que el juez de distrito tenga argumentos en su resoluci\u00f3n en favor del presunto homicida y no se apresur\u00f3 en favor de la v\u00edctima. \u00bfAs\u00ed de diferentes debe ser los derechos?, yo pens\u00e9 que todos los derechos humanos son los mismos. Lamentable si se comprueba que hubo coordinaci\u00f3n entre la CNDH y la defensa del presunto culpable<\/em>\u201d.\u00a0<\/p><\/blockquote>\n\n\n\n<p>Dijo que resulta extra\u00f1o que con esa inmediatez llegue la recomendaci\u00f3n \u201choras antes\u201d de la audiencia, pues la Comisi\u00f3n public\u00f3 la recomendaci\u00f3n a la Fiscal\u00eda y en la instrucci\u00f3n del juez de distrito va incluida esta recomendaci\u00f3n, por lo que dijo es \u201cuna cooperaci\u00f3n que levanta suspicacia\u201d.<\/p>\n\n\n\n<blockquote class=\"wp-block-quote is-layout-flow wp-block-quote-is-layout-flow\"><p>\u201c<em>\u00bfPor qu\u00e9 esa rapidez con uno y con la v\u00edctima no? \u00bfHay que catalogarlos diferente, son prioritarios los derechos del victimario y deben quedarse atr\u00e1s los derechos de la v\u00edctima? \u00bfPor qu\u00e9 no se ha pronunciado sobre los derechos de la v\u00edctima?<\/em>\u201d.<\/p><\/blockquote>\n","protected":false},"excerpt":{"rendered":"<p>Sam Ojeda\u00a0\/ NV Noticias Xalapa.- El gobernador Cuitl\u00e1huac Garc\u00eda Jim\u00e9nez critic\u00f3 a la Comisi\u00f3n Nacional de Derechos Humanos (CNDH) por la recomendaci\u00f3n que emiti\u00f3 a la Fiscal\u00eda General de Veracruz por las violaciones a los derechos humanos de Jos\u00e9 Manuel \u201cN\u201d, detenido por el delito de homicidio de Remigio Tovar Tovar, candidato de MC a [&hellip;]<\/p>\n","protected":false},"author":8,"featured_media":47439,"comment_status":"open","ping_status":"open","sticky":false,"template":"","format":"standard","meta":{"_monsterinsights_skip_tracking":false,"_monsterinsights_sitenote_active":false,"_monsterinsights_sitenote_note":"","_monsterinsights_sitenote_category":0,"footnotes":""},"categories":[156],"tags":[2669,965,271,8228,162],"class_list":["post-47437","post","type-post","status-publish","format-standard","has-post-thumbnail","hentry","category-estado","tag-cndh","tag-cuitlahuac-garcia-jimenez","tag-gobernador","tag-jose-manuel-n","tag-portada","wp-image-borders"],"amp_enabled":true,"_links":{"self":[{"href":"https:\/\/nvnoticias.mx\/index.php\/wp-json\/wp\/v2\/posts\/47437","targetHints":{"allow":["GET"]}}],"collection":[{"href":"https:\/\/nvnoticias.mx\/index.php\/wp-json\/wp\/v2\/posts"}],"about":[{"href":"https:\/\/nvnoticias.mx\/index.php\/wp-json\/wp\/v2\/types\/post"}],"author":[{"embeddable":true,"href":"https:\/\/nvnoticias.mx\/index.php\/wp-json\/wp\/v2\/users\/8"}],"replies":[{"embeddable":true,"href":"https:\/\/nvnoticias.mx\/index.php\/wp-json\/wp\/v2\/comments?post=47437"}],"version-history":[{"count":1,"href":"https:\/\/nvnoticias.mx\/index.php\/wp-json\/wp\/v2\/posts\/47437\/revisions"}],"predecessor-version":[{"id":47440,"href":"https:\/\/nvnoticias.mx\/index.php\/wp-json\/wp\/v2\/posts\/47437\/revisions\/47440"}],"wp:featuredmedia":[{"embeddable":true,"href":"https:\/\/nvnoticias.mx\/index.php\/wp-json\/wp\/v2\/media\/47439"}],"wp:attachment":[{"href":"https:\/\/nvnoticias.mx\/index.php\/wp-json\/wp\/v2\/media?parent=47437"}],"wp:term":[{"taxonomy":"category","embeddable":true,"href":"https:\/\/nvnoticias.mx\/index.php\/wp-json\/wp\/v2\/categories?post=47437"},{"taxonomy":"post_tag","embeddable":true,"href":"https:\/\/nvnoticias.mx\/index.php\/wp-json\/wp\/v2\/tags?post=47437"}],"curies":[{"name":"wp","href":"https:\/\/api.w.org\/{rel}","templated":true}]}}