{"id":47414,"date":"2022-03-29T12:56:39","date_gmt":"2022-03-29T18:56:39","guid":{"rendered":"https:\/\/nvnoticias.mx\/?p=47414"},"modified":"2022-03-29T12:56:41","modified_gmt":"2022-03-29T18:56:41","slug":"amlo-descarta-proyecto-para-llevar-agua-de-panuco-a-monterrey","status":"publish","type":"post","link":"https:\/\/nvnoticias.mx\/index.php\/2022\/03\/29\/amlo-descarta-proyecto-para-llevar-agua-de-panuco-a-monterrey\/","title":{"rendered":"AMLO descarta proyecto para llevar agua de P\u00e1nuco a Monterrey"},"content":{"rendered":"\n<p><strong>Sam Ojeda\u00a0\/ NV Noticias<\/strong><\/p>\n\n\n\n<p>Xalapa.- El presidente Andr\u00e9s Manuel L\u00f3pez Obrador neg\u00f3 que se vaya a llevar agua del r\u00edo P\u00e1nuco a Monterrey, como afirm\u00f3 el gobernador de Nuevo Le\u00f3n, Samuel Garc\u00eda.<\/p>\n\n\n\n<p>Durante su conferencia de este martes, el Ejecutivo indic\u00f3 que aunque este proyecto no se realizar\u00e1 s\u00ed se atender\u00e1 el tema de la escasez de agua en esa zona.\u00a0<\/p>\n\n\n\n<blockquote class=\"wp-block-quote is-layout-flow wp-block-quote-is-layout-flow\"><p>\u201c<em>No est\u00e1 contemplado lo del P\u00e1nuco, eso la vez pasada aqu\u00ed se pregunt\u00f3 y aclaramos que era un proyecto que se impuls\u00f3 desde hace algunos a\u00f1os y se cancel\u00f3<\/em>\u201d.<\/p><\/blockquote>\n\n\n\n<p>El mandatario record\u00f3 que el proyecto se cancel\u00f3 porque hay manifestaciones en contra de este en la zona de Veracruz, Tamaulipas, Hidalgo y San Luis Potos\u00ed.<\/p>\n\n\n\n<blockquote class=\"wp-block-quote is-layout-flow wp-block-quote-is-layout-flow\"><p>\u201c<em>Se est\u00e1n buscando otras opciones, la inversi\u00f3n que se est\u00e1 destinando tiene que ver con la presa Libertad y con otros proyecto<\/em>s\u201d, dijo.\u00a0<\/p><\/blockquote>\n\n\n\n<p>Explic\u00f3 que hay reuniones entre Conagua y el Gobernador de Nuevo Le\u00f3n para atender el tema, este mismo martes se reunir\u00e1 con \u00e9l y que su Gobierno ha invertido cerca de 2 mil millones de pesos para el abasto de agua en Monterrey.\u00a0<\/p>\n\n\n\n<blockquote class=\"wp-block-quote is-layout-flow wp-block-quote-is-layout-flow\"><p>\u201c<em>Hoy tengo reuni\u00f3n, vamos a encontrarnos con el Gobernador de Nuevo Le\u00f3n y el Gobernador de Jalisco y, en los 2 casos, el tema principal es el agua, m\u00e1s en lo que corresponde a Nuevo Le\u00f3n, aunque tambi\u00e9n se est\u00e1 atendiendo el problema de falta de agua en Jalisco<\/em>\u201d.<\/p><\/blockquote>\n","protected":false},"excerpt":{"rendered":"<p>Sam Ojeda\u00a0\/ NV Noticias Xalapa.- El presidente Andr\u00e9s Manuel L\u00f3pez Obrador neg\u00f3 que se vaya a llevar agua del r\u00edo P\u00e1nuco a Monterrey, como afirm\u00f3 el gobernador de Nuevo Le\u00f3n, Samuel Garc\u00eda. Durante su conferencia de este martes, el Ejecutivo indic\u00f3 que aunque este proyecto no se realizar\u00e1 s\u00ed se atender\u00e1 el tema de la [&hellip;]<\/p>\n","protected":false},"author":8,"featured_media":46907,"comment_status":"open","ping_status":"open","sticky":false,"template":"","format":"standard","meta":{"_monsterinsights_skip_tracking":false,"_monsterinsights_sitenote_active":false,"_monsterinsights_sitenote_note":"","_monsterinsights_sitenote_category":0,"footnotes":""},"categories":[156],"tags":[594,188,466,162,7409,12444],"class_list":["post-47414","post","type-post","status-publish","format-standard","has-post-thumbnail","hentry","category-estado","tag-agua","tag-amlo","tag-monterrey","tag-portada","tag-proyecto","tag-rio-panuco","wp-image-borders"],"amp_enabled":true,"_links":{"self":[{"href":"https:\/\/nvnoticias.mx\/index.php\/wp-json\/wp\/v2\/posts\/47414","targetHints":{"allow":["GET"]}}],"collection":[{"href":"https:\/\/nvnoticias.mx\/index.php\/wp-json\/wp\/v2\/posts"}],"about":[{"href":"https:\/\/nvnoticias.mx\/index.php\/wp-json\/wp\/v2\/types\/post"}],"author":[{"embeddable":true,"href":"https:\/\/nvnoticias.mx\/index.php\/wp-json\/wp\/v2\/users\/8"}],"replies":[{"embeddable":true,"href":"https:\/\/nvnoticias.mx\/index.php\/wp-json\/wp\/v2\/comments?post=47414"}],"version-history":[{"count":1,"href":"https:\/\/nvnoticias.mx\/index.php\/wp-json\/wp\/v2\/posts\/47414\/revisions"}],"predecessor-version":[{"id":47415,"href":"https:\/\/nvnoticias.mx\/index.php\/wp-json\/wp\/v2\/posts\/47414\/revisions\/47415"}],"wp:featuredmedia":[{"embeddable":true,"href":"https:\/\/nvnoticias.mx\/index.php\/wp-json\/wp\/v2\/media\/46907"}],"wp:attachment":[{"href":"https:\/\/nvnoticias.mx\/index.php\/wp-json\/wp\/v2\/media?parent=47414"}],"wp:term":[{"taxonomy":"category","embeddable":true,"href":"https:\/\/nvnoticias.mx\/index.php\/wp-json\/wp\/v2\/categories?post=47414"},{"taxonomy":"post_tag","embeddable":true,"href":"https:\/\/nvnoticias.mx\/index.php\/wp-json\/wp\/v2\/tags?post=47414"}],"curies":[{"name":"wp","href":"https:\/\/api.w.org\/{rel}","templated":true}]}}