{"id":47292,"date":"2022-03-28T14:43:11","date_gmt":"2022-03-28T20:43:11","guid":{"rendered":"https:\/\/nvnoticias.mx\/?p=47292"},"modified":"2022-03-28T14:43:13","modified_gmt":"2022-03-28T20:43:13","slug":"podemos-gana-en-tlacotepec-pero-mantiene-proceso-ante-tribunales-para-defender-registro","status":"publish","type":"post","link":"https:\/\/nvnoticias.mx\/index.php\/2022\/03\/28\/podemos-gana-en-tlacotepec-pero-mantiene-proceso-ante-tribunales-para-defender-registro\/","title":{"rendered":"Podemos gana en Tlacotepec pero mantiene proceso ante tribunales para defender registro"},"content":{"rendered":"\n<p><strong>Jes\u00fas Utrilla \/ NV Noticias<\/strong><\/p>\n\n\n\n<p>Francisco Garrido S\u00e1nchez, dirigente del Partido Podemos, confi\u00f3 en que a pesar de las impugnaciones se queden con la alcald\u00eda de Tlacotepec, pues la mayor\u00eda de votos los favoreci\u00f3 en la jornada electoral extraordinaria del domingo.<\/p>\n\n\n\n<p>Se\u00f1al\u00f3 que el triunfo de Carlos Garc\u00eda es irreversible pr\u00e1cticamente irreversible ya que la diferencia de votos es de 7 por ciento a su favor.<\/p>\n\n\n\n<blockquote class=\"wp-block-quote is-layout-flow wp-block-quote-is-layout-flow\"><p>\u201c<em>Son 200 votos que representan el 7 por ciento ya con todas las actas. Esto nos da la condici\u00f3n de los siete partidos nuevos de ser el que m\u00e1s alcald\u00edas gan\u00f3<\/em>\u201d.<\/p><\/blockquote>\n\n\n\n<p>Record\u00f3 que el organismo no tuvo candidato en los otros tres municipios porque tuvieron que solventar procesos ante los tribunales.<\/p>\n\n\n\n<blockquote class=\"wp-block-quote is-layout-flow wp-block-quote-is-layout-flow\"><p>\u201c<em>En Chiconamel no nos dieron ni la oportunidad de registrar y cuando resolvi\u00f3 el tribunal ya hab\u00eda concluido el periodo de precampa\u00f1a y nos dej\u00f3 descompuestos en esos municipios y no tuvimos la condici\u00f3n, as\u00ed que es parte de los agravios que estamos preparando para la defensa del registro<\/em>\u201d.<\/p><\/blockquote>\n\n\n\n<p>Cabe recordar que en el municipio de Tlacotepec de Mej\u00eda el triunfo electoral durante la jornada extraordinaria fue para el candidato del partido Podemos, Carlos Garc\u00eda Moreno, con mil 316 sufragios.<\/p>\n\n\n\n<p>A trav\u00e9s del Programa de Resultados Electorales Preliminares (PREP), se contabilizaron 2 mil 271 votos, que quedaron divididos entre los dem\u00e1s aspirantes.<\/p>\n","protected":false},"excerpt":{"rendered":"<p>Jes\u00fas Utrilla \/ NV Noticias Francisco Garrido S\u00e1nchez, dirigente del Partido Podemos, confi\u00f3 en que a pesar de las impugnaciones se queden con la alcald\u00eda de Tlacotepec, pues la mayor\u00eda de votos los favoreci\u00f3 en la jornada electoral extraordinaria del domingo. Se\u00f1al\u00f3 que el triunfo de Carlos Garc\u00eda es irreversible pr\u00e1cticamente irreversible ya que la [&hellip;]<\/p>\n","protected":false},"author":8,"featured_media":47293,"comment_status":"open","ping_status":"open","sticky":false,"template":"","format":"standard","meta":{"_monsterinsights_skip_tracking":false,"_monsterinsights_sitenote_active":false,"_monsterinsights_sitenote_note":"","_monsterinsights_sitenote_category":0,"footnotes":""},"categories":[158],"tags":[9548,3276,12546],"class_list":["post-47292","post","type-post","status-publish","format-standard","has-post-thumbnail","hentry","category-politica","tag-elecciones-extraordinarias","tag-podemos","tag-tlacotepec","wp-image-borders"],"amp_enabled":true,"_links":{"self":[{"href":"https:\/\/nvnoticias.mx\/index.php\/wp-json\/wp\/v2\/posts\/47292","targetHints":{"allow":["GET"]}}],"collection":[{"href":"https:\/\/nvnoticias.mx\/index.php\/wp-json\/wp\/v2\/posts"}],"about":[{"href":"https:\/\/nvnoticias.mx\/index.php\/wp-json\/wp\/v2\/types\/post"}],"author":[{"embeddable":true,"href":"https:\/\/nvnoticias.mx\/index.php\/wp-json\/wp\/v2\/users\/8"}],"replies":[{"embeddable":true,"href":"https:\/\/nvnoticias.mx\/index.php\/wp-json\/wp\/v2\/comments?post=47292"}],"version-history":[{"count":1,"href":"https:\/\/nvnoticias.mx\/index.php\/wp-json\/wp\/v2\/posts\/47292\/revisions"}],"predecessor-version":[{"id":47294,"href":"https:\/\/nvnoticias.mx\/index.php\/wp-json\/wp\/v2\/posts\/47292\/revisions\/47294"}],"wp:featuredmedia":[{"embeddable":true,"href":"https:\/\/nvnoticias.mx\/index.php\/wp-json\/wp\/v2\/media\/47293"}],"wp:attachment":[{"href":"https:\/\/nvnoticias.mx\/index.php\/wp-json\/wp\/v2\/media?parent=47292"}],"wp:term":[{"taxonomy":"category","embeddable":true,"href":"https:\/\/nvnoticias.mx\/index.php\/wp-json\/wp\/v2\/categories?post=47292"},{"taxonomy":"post_tag","embeddable":true,"href":"https:\/\/nvnoticias.mx\/index.php\/wp-json\/wp\/v2\/tags?post=47292"}],"curies":[{"name":"wp","href":"https:\/\/api.w.org\/{rel}","templated":true}]}}