{"id":47269,"date":"2022-03-28T13:18:10","date_gmt":"2022-03-28T19:18:10","guid":{"rendered":"https:\/\/nvnoticias.mx\/?p=47269"},"modified":"2022-03-28T13:18:11","modified_gmt":"2022-03-28T19:18:11","slug":"golpea-will-smith-a-chris-rock-en-la-ceremonia-y-recoge-su-premio-entre-lagrimas","status":"publish","type":"post","link":"https:\/\/nvnoticias.mx\/index.php\/2022\/03\/28\/golpea-will-smith-a-chris-rock-en-la-ceremonia-y-recoge-su-premio-entre-lagrimas\/","title":{"rendered":"Golpea Will Smith a Chris Rock en la ceremonia y recoge su premio entre l\u00e1grimas"},"content":{"rendered":"\n<p>Will Smith golpe\u00f3 a Chris Rock en la cara en el escenario de los&nbsp;<strong>Oscar&nbsp;<\/strong>despu\u00e9s de que el comediante hiciera una broma sobre la esposa del actor, Jada Pinkett Smith.<\/p>\n\n\n\n<p>La polic\u00eda de la ciudad de Los \u00c1ngeles inform\u00f3 que Rock se neg\u00f3 a presentar cargos contra Smith por lo ocurrido.<\/p>\n\n\n\n<p>Refiri\u00e9ndose a la\u00a0<strong>cabeza rapada<\/strong>\u00a0de Pinkett Smith, Rock dijo: &#8220;Jada, no puedo esperar a GI Jane 2&#8221;, en referencia a GI Jane, la pel\u00edcula de 1997 en la que Demi Moore interpret\u00f3 el papel principal con la cabeza rapada.<\/p>\n\n\n\n<p>Smith, a quien primero se vio riendo, subi\u00f3 al\u00a0<strong>escenario\u00a0<\/strong>y golpe\u00f3 a Rock en el rostro antes de regresar a su asiento y gritar dos veces: &#8220;Mant\u00e9n el nombre de mi esposa fuera de tu maldita boca&#8221;.<\/p>\n\n\n\n<p>Minutos despu\u00e9s Will Smith fue galardonado con el Oscar a mejor actor por su interpretaci\u00f3n en<strong>&nbsp;King Richard<\/strong>.<\/p>\n\n\n\n<p>Durante su discurso, Smith, entre l\u00e1grimas, se disculp\u00f3: &#8220;Quiero&nbsp;<strong>disculparme&nbsp;<\/strong>con la Academia. Quiero disculparme con todos mis compa\u00f1eros nominados&#8221;, dijo.<\/p>\n\n\n\n<p>&#8220;El arte imita a la vida. Parezco el&nbsp;<strong>padre loco<\/strong>, como dec\u00edan de Richard Williams. Pero el amor te har\u00e1 hacer locuras&#8221;.<\/p>\n\n\n\n<p>Pinkett Smith ha explicado en varias ocasiones que padece de alopecia.<\/p>\n\n\n\n<p>Rock qued\u00f3&nbsp;<strong>conmocionado&nbsp;<\/strong>despu\u00e9s del incidente y le dijo a la audiencia: &#8220;Esa fue la mejor noche en la historia de la televisi\u00f3n&#8221;.<\/p>\n\n\n\n<p>Luego entreg\u00f3 el premio al mejor documental.<\/p>\n\n\n\n<p>Rock se estaba burlando de algo b\u00e1sico pero potencialmente muy doloroso: la apariencia de Jada.<\/p>\n\n\n\n<p>Y no era la primera vez que hac\u00eda una broma a costa suya. En 2016, Rock fue anfitri\u00f3n de los Premios de la Academia durante el a\u00f1o del esc\u00e1ndalo #OscarsSoWhite (por la ausencia de actores de minor\u00edas nominados), lo que llev\u00f3 a Jada a rechazar ir a la ceremonia.<\/p>\n\n\n\n<p>Rock se\u00f1al\u00f3 con humor en la ceremonia: &#8220;Jada boicoteando los Oscar es como yo boicoteando las bragas de Rihanna. \u00a1No fui invitado!&#8221;.<\/p>\n\n\n\n<p>Y sobre Will Smith dijo: &#8220;Su esposo Will no fue nominado por&nbsp;<em>Concussion<\/em>. Lo entiendo. Uno se molesta. No es justo que Will fuera tan bueno y no fuera nominado. Tienes raz\u00f3n (&#8230;) \u00a1Tampoco es justo que a Will le pagaran US$20 millones por&nbsp;<em>Wild Wild West<\/em>!&#8221;, dijo el c\u00f3mico en aquel momento, en referencia a la comedia que el actor hizo en los a\u00f1os 90 y que fue mal recibida por la cr\u00edtica.<\/p>\n\n\n\n<p>Este domingo, seis a\u00f1os despu\u00e9s, volvi\u00f3 a burlarse de ella. Excepto que, esta vez, ella estaba en la audiencia para escucharlo. Y, desafortunadamente para la mand\u00edbula de Rock, tambi\u00e9n lo estaba su esposo.<\/p>\n\n\n\n<p>&#8220;Jada, te amo&#8221;, comenz\u00f3, y agreg\u00f3: &#8220;GI Jane 2, \u00a1no puedo esperar para verlo!&#8221;.<\/p>\n\n\n\n<p>Fuente: <a href=\"https:\/\/www.bbc.com\/mundo\/noticias-60896687\" data-type=\"URL\" data-id=\"https:\/\/www.bbc.com\/mundo\/noticias-60896687\">BBC <\/a><\/p>\n","protected":false},"excerpt":{"rendered":"<p>Will Smith golpe\u00f3 a Chris Rock en la cara en el escenario de los&nbsp;Oscar&nbsp;despu\u00e9s de que el comediante hiciera una broma sobre la esposa del actor, Jada Pinkett Smith. La polic\u00eda de la ciudad de Los \u00c1ngeles inform\u00f3 que Rock se neg\u00f3 a presentar cargos contra Smith por lo ocurrido. Refiri\u00e9ndose a la\u00a0cabeza rapada\u00a0de Pinkett [&hellip;]<\/p>\n","protected":false},"author":35,"featured_media":47273,"comment_status":"open","ping_status":"open","sticky":false,"template":"","format":"standard","meta":{"_monsterinsights_skip_tracking":false,"_monsterinsights_sitenote_active":false,"_monsterinsights_sitenote_note":"","_monsterinsights_sitenote_category":0,"footnotes":""},"categories":[576],"tags":[4232,12537,9085,10295,11559,7212,12538,12536],"class_list":["post-47269","post","type-post","status-publish","format-standard","has-post-thumbnail","hentry","category-ocio","tag-ceremonia","tag-chris-rock","tag-golpea","tag-lagrimas","tag-oscar","tag-premio","tag-recoge","tag-will-smith","wp-image-borders"],"amp_enabled":true,"_links":{"self":[{"href":"https:\/\/nvnoticias.mx\/index.php\/wp-json\/wp\/v2\/posts\/47269","targetHints":{"allow":["GET"]}}],"collection":[{"href":"https:\/\/nvnoticias.mx\/index.php\/wp-json\/wp\/v2\/posts"}],"about":[{"href":"https:\/\/nvnoticias.mx\/index.php\/wp-json\/wp\/v2\/types\/post"}],"author":[{"embeddable":true,"href":"https:\/\/nvnoticias.mx\/index.php\/wp-json\/wp\/v2\/users\/35"}],"replies":[{"embeddable":true,"href":"https:\/\/nvnoticias.mx\/index.php\/wp-json\/wp\/v2\/comments?post=47269"}],"version-history":[{"count":1,"href":"https:\/\/nvnoticias.mx\/index.php\/wp-json\/wp\/v2\/posts\/47269\/revisions"}],"predecessor-version":[{"id":47274,"href":"https:\/\/nvnoticias.mx\/index.php\/wp-json\/wp\/v2\/posts\/47269\/revisions\/47274"}],"wp:featuredmedia":[{"embeddable":true,"href":"https:\/\/nvnoticias.mx\/index.php\/wp-json\/wp\/v2\/media\/47273"}],"wp:attachment":[{"href":"https:\/\/nvnoticias.mx\/index.php\/wp-json\/wp\/v2\/media?parent=47269"}],"wp:term":[{"taxonomy":"category","embeddable":true,"href":"https:\/\/nvnoticias.mx\/index.php\/wp-json\/wp\/v2\/categories?post=47269"},{"taxonomy":"post_tag","embeddable":true,"href":"https:\/\/nvnoticias.mx\/index.php\/wp-json\/wp\/v2\/tags?post=47269"}],"curies":[{"name":"wp","href":"https:\/\/api.w.org\/{rel}","templated":true}]}}