{"id":47264,"date":"2022-03-28T13:02:30","date_gmt":"2022-03-28T19:02:30","guid":{"rendered":"https:\/\/nvnoticias.mx\/?p=47264"},"modified":"2022-03-28T13:02:31","modified_gmt":"2022-03-28T19:02:31","slug":"invasiones-amenazan-al-cerro-de-macuiltepetl","status":"publish","type":"post","link":"https:\/\/nvnoticias.mx\/index.php\/2022\/03\/28\/invasiones-amenazan-al-cerro-de-macuiltepetl\/","title":{"rendered":"Invasiones amenazan al Cerro de Macuilt\u00e9petl"},"content":{"rendered":"\n<p><strong>Sam Ojeda\u00a0\/ NV Noticias<\/strong><\/p>\n\n\n\n<p>Xalapa.- Las invasiones amenazan a las zona del cerro de Macuilt\u00e9petl, advirtieron ambientalistas que este lunes pidieron la intervenci\u00f3n del Gobierno del Estado y las autoridades municipales para frenar las invasiones.<\/p>\n\n\n\n<p>El presidente de la Coalici\u00f3n proambiental Xalapa, Francisco Carmona Cort\u00e9s, dijo que es urgente el rescate de varios espacios que se encuentran abandonados pese a que algunas son \u00e1reas naturales protegidas.<\/p>\n\n\n\n<p>Acus\u00f3 que esto ha provocado que los vecinos de la zona hayan ido tomando terreno de las faldas de este cerro, lo que pone en riesgo el equilibrio ambiental en la zona.<\/p>\n\n\n\n<blockquote class=\"wp-block-quote is-layout-flow wp-block-quote-is-layout-flow\"><p>&#8220;<em>Estas \u00e1reas las dejan ah\u00ed delegadas, en el abandono, y ahora est\u00e1n siendo invadidas, eso propicia el abandono y lo que queremos de entrada es que Gobierno jale estas \u00e1reas, que sean declaradas \u00e1reas naturales protegidas<\/em>\u201d.<\/p><\/blockquote>\n\n\n\n<p>Dijo que estas invasiones han ido &#8220;comiendo&#8221; a esta \u00e1rea importante de la ciudad, y otras como las \u00e1reas verdes del Ferrocarrilero, compuestas por unas 25 hect\u00e1reas conectadas entre s\u00ed y que son importantes para el sistema h\u00eddrico, &#8220;son los generadores de agua y necesitamos trabajar ya en un plan de manejo&#8221;.<\/p>\n\n\n\n<blockquote class=\"wp-block-quote is-layout-flow wp-block-quote-is-layout-flow\"><p>&#8220;<em>Ahorita ya pudimos lograr la cancelaci\u00f3n de una invasi\u00f3n que ten\u00edamos ah\u00ed, pero tambi\u00e9n es fomentar la cultura de respeto de las personas que vamos a visitar el lugar, porque a veces vamos chapeamos, arrancamos y eso es perjudicial para ese tipo de \u00e1reas, entonces necesitamos un manejo adecuado para estas \u00e1reas<\/em>&#8220;.<\/p><\/blockquote>\n\n\n\n<p>Por ello pidieron que todas las \u00e1reas verdes que colindan el cerro se integren al corredor biol\u00f3gico de la ciudad dado que al dejarlas en abandono est\u00e1n siendo invadidas.<\/p>\n","protected":false},"excerpt":{"rendered":"<p>Sam Ojeda\u00a0\/ NV Noticias Xalapa.- Las invasiones amenazan a las zona del cerro de Macuilt\u00e9petl, advirtieron ambientalistas que este lunes pidieron la intervenci\u00f3n del Gobierno del Estado y las autoridades municipales para frenar las invasiones. El presidente de la Coalici\u00f3n proambiental Xalapa, Francisco Carmona Cort\u00e9s, dijo que es urgente el rescate de varios espacios que [&hellip;]<\/p>\n","protected":false},"author":8,"featured_media":47267,"comment_status":"open","ping_status":"open","sticky":false,"template":"","format":"standard","meta":{"_monsterinsights_skip_tracking":false,"_monsterinsights_sitenote_active":false,"_monsterinsights_sitenote_note":"","_monsterinsights_sitenote_category":0,"footnotes":""},"categories":[156],"tags":[12535,1371,312],"class_list":["post-47264","post","type-post","status-publish","format-standard","has-post-thumbnail","hentry","category-estado","tag-cerro-de-macuiltepetl","tag-invasiones","tag-xalapa","wp-image-borders"],"amp_enabled":true,"_links":{"self":[{"href":"https:\/\/nvnoticias.mx\/index.php\/wp-json\/wp\/v2\/posts\/47264","targetHints":{"allow":["GET"]}}],"collection":[{"href":"https:\/\/nvnoticias.mx\/index.php\/wp-json\/wp\/v2\/posts"}],"about":[{"href":"https:\/\/nvnoticias.mx\/index.php\/wp-json\/wp\/v2\/types\/post"}],"author":[{"embeddable":true,"href":"https:\/\/nvnoticias.mx\/index.php\/wp-json\/wp\/v2\/users\/8"}],"replies":[{"embeddable":true,"href":"https:\/\/nvnoticias.mx\/index.php\/wp-json\/wp\/v2\/comments?post=47264"}],"version-history":[{"count":1,"href":"https:\/\/nvnoticias.mx\/index.php\/wp-json\/wp\/v2\/posts\/47264\/revisions"}],"predecessor-version":[{"id":47268,"href":"https:\/\/nvnoticias.mx\/index.php\/wp-json\/wp\/v2\/posts\/47264\/revisions\/47268"}],"wp:featuredmedia":[{"embeddable":true,"href":"https:\/\/nvnoticias.mx\/index.php\/wp-json\/wp\/v2\/media\/47267"}],"wp:attachment":[{"href":"https:\/\/nvnoticias.mx\/index.php\/wp-json\/wp\/v2\/media?parent=47264"}],"wp:term":[{"taxonomy":"category","embeddable":true,"href":"https:\/\/nvnoticias.mx\/index.php\/wp-json\/wp\/v2\/categories?post=47264"},{"taxonomy":"post_tag","embeddable":true,"href":"https:\/\/nvnoticias.mx\/index.php\/wp-json\/wp\/v2\/tags?post=47264"}],"curies":[{"name":"wp","href":"https:\/\/api.w.org\/{rel}","templated":true}]}}