{"id":47238,"date":"2022-03-28T12:31:20","date_gmt":"2022-03-28T18:31:20","guid":{"rendered":"https:\/\/nvnoticias.mx\/?p=47238"},"modified":"2022-03-28T12:31:21","modified_gmt":"2022-03-28T18:31:21","slug":"preven-que-reforma-electrica-quede-aprobada-antes-de-que-concluya-abril","status":"publish","type":"post","link":"https:\/\/nvnoticias.mx\/index.php\/2022\/03\/28\/preven-que-reforma-electrica-quede-aprobada-antes-de-que-concluya-abril\/","title":{"rendered":"Prev\u00e9n que reforma el\u00e9ctrica quede aprobada antes de que concluya abril"},"content":{"rendered":"\n<p><strong>Sam Ojeda\u00a0\/ NV Noticias<\/strong><\/p>\n\n\n\n<p>Xalapa.- Antes de abril quedar\u00eda aprobada la reforma el\u00e9ctrica en la C\u00e1mara de Diputados, se\u00f1al\u00f3 la diputada federal por Morena, Ivonne Cisneros Luj\u00e1n.<\/p>\n\n\n\n<p>Dijo que se prev\u00e9 que pueda ser aprobada porque se trata de \u201cun tema prioritario para Morena y el presidente de la Rep\u00fablica, Andr\u00e9s Manuel Obrador\u201d.<\/p>\n\n\n\n<p>Record\u00f3 que el pasado jueves se aprobaron los lineamientos para empezar a discutir la Reforma\u00a0 El\u00e9ctrica en la C\u00e1mara de Diputados a fin de darle cauce a este tema.\u00a0<\/p>\n\n\n\n<blockquote class=\"wp-block-quote is-layout-flow wp-block-quote-is-layout-flow\"><p>&#8220;<em>Est\u00e1n ya constituidas ambas comisiones como comisiones unidas, esto porque cuando se va a tratar un tema que nos implica una reforma constitucional necesariamente tiene que trabajar tambi\u00e9n con la comisi\u00f3n del tema espec\u00edfico<\/em>&#8220;.<\/p><\/blockquote>\n\n\n\n<p>Dijo que los diputados federales tienen la obligaci\u00f3n de analizar de fondo toda la reforma y tomar en cuenta las diferentes opiniones durante el Parlamento Abierto.<\/p>\n\n\n\n<blockquote class=\"wp-block-quote is-layout-flow wp-block-quote-is-layout-flow\"><p>\u201c<em>Iniciamos con esto, una vez que las comisiones unidas emitan su dictamen, estaremos por recibirla ya en el pleno de la c\u00e1mara donde se estar\u00e1 votando y de conformidad con la normatividad del congreso estar\u00e1 pasando posteriormente al Senado para su revisi\u00f3n<\/em>&#8220;.<\/p><\/blockquote>\n\n\n\n<p>Coment\u00f3 que aunque no hay un tiempo espec\u00edfico para ello, el\u00a0 segundo periodo ordinario concluye el 30 de abril por lo que se aspira a que antes de esa fecha sea votada.<\/p>\n\n\n\n<blockquote class=\"wp-block-quote is-layout-flow wp-block-quote-is-layout-flow\"><p>&#8220;<em>Para que concluyamos este primer a\u00f1o legislativo con una votaci\u00f3n a este respecto que es una reforma prioritaria para el grupo parlamentario de Morena, nuestros aliados, el presidente y para el pa\u00eds, es regresarle la rector\u00eda del proceso el\u00e9ctrico a la poblaci\u00f3n<\/em>&#8220;.<\/p><\/blockquote>\n\n\n\n<p>Agreg\u00f3 que el pr\u00f3ximo martes discutir\u00e1n la nueva ley de movilidad con lo que se considera la &#8220;movilidad no motorizada&#8221; como la bicicleta para avanzar hacia otras formar de transportarse, ser ciudades seguras, sustentables y garantizar los espacios necesarios para la movilidad de personas con discapacidad, as\u00ed como promover las ciclov\u00edas, lo que ser\u00e1 de beneficio para la capital del estado.<\/p>\n","protected":false},"excerpt":{"rendered":"<p>Sam Ojeda\u00a0\/ NV Noticias Xalapa.- Antes de abril quedar\u00eda aprobada la reforma el\u00e9ctrica en la C\u00e1mara de Diputados, se\u00f1al\u00f3 la diputada federal por Morena, Ivonne Cisneros Luj\u00e1n. Dijo que se prev\u00e9 que pueda ser aprobada porque se trata de \u201cun tema prioritario para Morena y el presidente de la Rep\u00fablica, Andr\u00e9s Manuel Obrador\u201d. Record\u00f3 que [&hellip;]<\/p>\n","protected":false},"author":8,"featured_media":7296,"comment_status":"open","ping_status":"open","sticky":false,"template":"","format":"standard","meta":{"_monsterinsights_skip_tracking":false,"_monsterinsights_sitenote_active":false,"_monsterinsights_sitenote_note":"","_monsterinsights_sitenote_category":0,"footnotes":""},"categories":[156],"tags":[3532,9564,162,1553],"class_list":["post-47238","post","type-post","status-publish","format-standard","has-post-thumbnail","hentry","category-estado","tag-aprobacion","tag-ivonne-cisneros-lujan","tag-portada","tag-reforma-electrica","wp-image-borders"],"amp_enabled":true,"_links":{"self":[{"href":"https:\/\/nvnoticias.mx\/index.php\/wp-json\/wp\/v2\/posts\/47238","targetHints":{"allow":["GET"]}}],"collection":[{"href":"https:\/\/nvnoticias.mx\/index.php\/wp-json\/wp\/v2\/posts"}],"about":[{"href":"https:\/\/nvnoticias.mx\/index.php\/wp-json\/wp\/v2\/types\/post"}],"author":[{"embeddable":true,"href":"https:\/\/nvnoticias.mx\/index.php\/wp-json\/wp\/v2\/users\/8"}],"replies":[{"embeddable":true,"href":"https:\/\/nvnoticias.mx\/index.php\/wp-json\/wp\/v2\/comments?post=47238"}],"version-history":[{"count":1,"href":"https:\/\/nvnoticias.mx\/index.php\/wp-json\/wp\/v2\/posts\/47238\/revisions"}],"predecessor-version":[{"id":47239,"href":"https:\/\/nvnoticias.mx\/index.php\/wp-json\/wp\/v2\/posts\/47238\/revisions\/47239"}],"wp:featuredmedia":[{"embeddable":true,"href":"https:\/\/nvnoticias.mx\/index.php\/wp-json\/wp\/v2\/media\/7296"}],"wp:attachment":[{"href":"https:\/\/nvnoticias.mx\/index.php\/wp-json\/wp\/v2\/media?parent=47238"}],"wp:term":[{"taxonomy":"category","embeddable":true,"href":"https:\/\/nvnoticias.mx\/index.php\/wp-json\/wp\/v2\/categories?post=47238"},{"taxonomy":"post_tag","embeddable":true,"href":"https:\/\/nvnoticias.mx\/index.php\/wp-json\/wp\/v2\/tags?post=47238"}],"curies":[{"name":"wp","href":"https:\/\/api.w.org\/{rel}","templated":true}]}}