{"id":47199,"date":"2022-03-28T10:57:50","date_gmt":"2022-03-28T16:57:50","guid":{"rendered":"https:\/\/nvnoticias.mx\/?p=47199"},"modified":"2022-03-28T10:57:52","modified_gmt":"2022-03-28T16:57:52","slug":"afirma-gobernador-que-elecciones-extraordinarios-se-realizaron-en-tranquilidad","status":"publish","type":"post","link":"https:\/\/nvnoticias.mx\/index.php\/2022\/03\/28\/afirma-gobernador-que-elecciones-extraordinarios-se-realizaron-en-tranquilidad\/","title":{"rendered":"Afirma Gobernador que elecciones extraordinarios se realizaron en tranquilidad"},"content":{"rendered":"\n<p><strong>Sam Ojeda | NV Noticias<\/strong><\/p>\n\n\n\n<p>Xalapa.- El gobernador Cuitl\u00e1huac Garc\u00eda Jim\u00e9nez afirm\u00f3 que las elecciones municipales extraordinarias que se realizaron en Veracruz durante este domingo resultaron \u201csin novedad\u201d.<\/p>\n\n\n\n<p>Dijo que las elecciones extraordinarias se realizaron \u201cen completa paz\u201d en los municipios de Jes\u00fas Carranza, Chiconamel, Amatitl\u00e1n, Tlacotepec de Mej\u00eda.<\/p>\n\n\n\n<blockquote class=\"wp-block-quote is-layout-flow wp-block-quote-is-layout-flow\"><p>\u201cEl reporte de seguridad respecto a las elecciones extraordinarias en 4 municipios es sin novedad; estas se llevaron acabo en completa paz y organizadas por el OPLE; hasta ahora tambi\u00e9n sin incidencias electorales mayores\u201d.<\/p><\/blockquote>\n\n\n\n<p>En insisto en que la postura de su gobierno sobre los ejercicios democr\u00e1ticos es que estos deben convertirse en la forma para dirimir diferencias pol\u00edticas de manera pac\u00edfica.<\/p>\n\n\n\n<p>Sobre la consulta para la revocaci\u00f3n de mandato del presidente Andr\u00e9s Manuel L\u00f3pez Obrador e insisti\u00f3 en que la promover\u00e1n porque es un ejercicio democr\u00e1tico para la ciudadan\u00eda.<\/p>\n\n\n\n<blockquote class=\"wp-block-quote is-layout-flow wp-block-quote-is-layout-flow\"><p>\u201cEste fin de semana tambi\u00e9n se observ\u00f3 mucha actividad ciudadana en la promoci\u00f3n de sus posturas a favor de que el Presidente Andr\u00e9s Manuel L\u00f3pez Obrador contin\u00fae en el mandato o que se le revoque. Por otro lado, seguiremos insistiendo en que tambi\u00e9n debe promoverse esta consulta sobre la revocaci\u00f3n de mandato que se llevar\u00e1 a cabo el 10 de abril. Es una forma democr\u00e1tica que debe prevalecer\u201d.<\/p><\/blockquote>\n\n\n\n<p>El Gobernador nuevamente critic\u00f3 que el Instituto Nacional Electoral (INE) la instalaci\u00f3n de casilla, ya que considera son pocas y no ha hecho buena difusi\u00f3n sobre su localizaci\u00f3n.<\/p>\n","protected":false},"excerpt":{"rendered":"<p>Sam Ojeda | NV Noticias Xalapa.- El gobernador Cuitl\u00e1huac Garc\u00eda Jim\u00e9nez afirm\u00f3 que las elecciones municipales extraordinarias que se realizaron en Veracruz durante este domingo resultaron \u201csin novedad\u201d. Dijo que las elecciones extraordinarias se realizaron \u201cen completa paz\u201d en los municipios de Jes\u00fas Carranza, Chiconamel, Amatitl\u00e1n, Tlacotepec de Mej\u00eda. \u201cEl reporte de seguridad respecto a [&hellip;]<\/p>\n","protected":false},"author":35,"featured_media":47033,"comment_status":"open","ping_status":"open","sticky":false,"template":"","format":"standard","meta":{"_monsterinsights_skip_tracking":false,"_monsterinsights_sitenote_active":false,"_monsterinsights_sitenote_note":"","_monsterinsights_sitenote_category":0,"footnotes":""},"categories":[156],"tags":[10620,9548,271,162,12507,12508],"class_list":["post-47199","post","type-post","status-publish","format-standard","has-post-thumbnail","hentry","category-estado","tag-afirma","tag-elecciones-extraordinarias","tag-gobernador","tag-portada","tag-realizaron","tag-tranquilidad","wp-image-borders"],"amp_enabled":true,"_links":{"self":[{"href":"https:\/\/nvnoticias.mx\/index.php\/wp-json\/wp\/v2\/posts\/47199","targetHints":{"allow":["GET"]}}],"collection":[{"href":"https:\/\/nvnoticias.mx\/index.php\/wp-json\/wp\/v2\/posts"}],"about":[{"href":"https:\/\/nvnoticias.mx\/index.php\/wp-json\/wp\/v2\/types\/post"}],"author":[{"embeddable":true,"href":"https:\/\/nvnoticias.mx\/index.php\/wp-json\/wp\/v2\/users\/35"}],"replies":[{"embeddable":true,"href":"https:\/\/nvnoticias.mx\/index.php\/wp-json\/wp\/v2\/comments?post=47199"}],"version-history":[{"count":1,"href":"https:\/\/nvnoticias.mx\/index.php\/wp-json\/wp\/v2\/posts\/47199\/revisions"}],"predecessor-version":[{"id":47200,"href":"https:\/\/nvnoticias.mx\/index.php\/wp-json\/wp\/v2\/posts\/47199\/revisions\/47200"}],"wp:featuredmedia":[{"embeddable":true,"href":"https:\/\/nvnoticias.mx\/index.php\/wp-json\/wp\/v2\/media\/47033"}],"wp:attachment":[{"href":"https:\/\/nvnoticias.mx\/index.php\/wp-json\/wp\/v2\/media?parent=47199"}],"wp:term":[{"taxonomy":"category","embeddable":true,"href":"https:\/\/nvnoticias.mx\/index.php\/wp-json\/wp\/v2\/categories?post=47199"},{"taxonomy":"post_tag","embeddable":true,"href":"https:\/\/nvnoticias.mx\/index.php\/wp-json\/wp\/v2\/tags?post=47199"}],"curies":[{"name":"wp","href":"https:\/\/api.w.org\/{rel}","templated":true}]}}