{"id":47113,"date":"2022-03-27T10:15:22","date_gmt":"2022-03-27T16:15:22","guid":{"rendered":"https:\/\/nvnoticias.mx\/?p=47113"},"modified":"2022-03-27T10:15:23","modified_gmt":"2022-03-27T16:15:23","slug":"reivindicacion-magisterial-exhorta-a-maestros-votar-el-1-de-abril","status":"publish","type":"post","link":"https:\/\/nvnoticias.mx\/index.php\/2022\/03\/27\/reivindicacion-magisterial-exhorta-a-maestros-votar-el-1-de-abril\/","title":{"rendered":"Reivindicaci\u00f3n Magisterial exhorta a maestros votar el 1 de abril"},"content":{"rendered":"\n<p><strong>Jes\u00fas Utrilla | NV Noticias<\/strong>&nbsp;<\/p>\n\n\n\n<p>Integrantes del Movimiento Reivindicaci\u00f3n Magisterial exhortaron a votar el 1 de abril para dar un cambio a la Secci\u00f3n y devolver a los maestros sus derechos laborales.<\/p>\n\n\n\n<p>Juan Alberto Salas Mu\u00f1oz, integrante de la plantilla vino rumbo a la renovaci\u00f3n de la Secci\u00f3n 32, se\u00f1al\u00f3 que se busca rescate al Sindicato Nacional de Trabajadores de la Educaci\u00f3n.<\/p>\n\n\n\n<blockquote class=\"wp-block-quote is-layout-flow wp-block-quote-is-layout-flow\"><p>\u201cEstamos hablando con los compa\u00f1eros de todos los niveles porque la Secci\u00f3n 32 del SNTE dej\u00f3 de hacer su funci\u00f3n que es brindar apoyo a los maestros por igual, sin tener distingo de nadie. Porque hay un grupo que es el que toma las decisiones de la secci\u00f3n\u201d.<\/p><\/blockquote>\n\n\n\n<p>Insisti\u00f3 en que se necesita terminar con los malos vicios del sindicato y que dejen de ser los mismos quienes lo encabecen.<\/p>\n\n\n\n<p>Por eso tambi\u00e9n se debe rescatar el Comit\u00e9 Nacional del SNTE.<\/p>\n\n\n\n<blockquote class=\"wp-block-quote is-layout-flow wp-block-quote-is-layout-flow\"><p>\u201cNo nada m\u00e1s son las secciones de Veracruz sino de todo el pa\u00eds, rompieron la unidad y estamos hartos por eso queremos acabar con los vicios\u201d.<\/p><\/blockquote>\n\n\n\n<p>Los maestros buscar\u00e1n rescatar al sindicato, a los jubilados, sus derechos laborales y sus derechos en general.<\/p>\n\n\n\n<p>Las elecciones se llevar\u00e1n a cabo el 1 de abril y los contendientes conf\u00edan en lograr un resultado democr\u00e1tico.<\/p>\n\n\n\n<blockquote class=\"wp-block-quote is-layout-flow wp-block-quote-is-layout-flow\"><p>\u201cEse d\u00eda ser\u00e1 de suspensi\u00f3n de labores para que no haya pretextos de no ir a votar. Que todos vayan a votar y ejerzan ese derecho. Hay que regresarle al maestro lo que le han quitado. Sabemos que vamos a ganar, esta plantilla es de los maestros no de la secretar\u00eda\u201d.<\/p><\/blockquote>\n\n\n\n<p>Se\u00f1al\u00f3 que de ganar exigir\u00e1n que la Secretar\u00eda de Educaci\u00f3n de Veracruz saque las manos del gremio.<\/p>\n\n\n\n<p>Dentro de la b\u00fasqueda est\u00e1 recuperar bonos, pagos a jubilados, derecho a escalaf\u00f3n, entre otros.<\/p>\n","protected":false},"excerpt":{"rendered":"<p>Jes\u00fas Utrilla | NV Noticias&nbsp; Integrantes del Movimiento Reivindicaci\u00f3n Magisterial exhortaron a votar el 1 de abril para dar un cambio a la Secci\u00f3n y devolver a los maestros sus derechos laborales. Juan Alberto Salas Mu\u00f1oz, integrante de la plantilla vino rumbo a la renovaci\u00f3n de la Secci\u00f3n 32, se\u00f1al\u00f3 que se busca rescate al [&hellip;]<\/p>\n","protected":false},"author":6,"featured_media":47114,"comment_status":"open","ping_status":"open","sticky":false,"template":"","format":"standard","meta":{"_monsterinsights_skip_tracking":false,"_monsterinsights_sitenote_active":false,"_monsterinsights_sitenote_note":"","_monsterinsights_sitenote_category":0,"footnotes":""},"categories":[154],"tags":[12491,11744,1668],"class_list":["post-47113","post","type-post","status-publish","format-standard","has-post-thumbnail","hentry","category-veracruz","tag-reivindicacion-magisterial","tag-seccion-32","tag-snte","wp-image-borders"],"amp_enabled":true,"_links":{"self":[{"href":"https:\/\/nvnoticias.mx\/index.php\/wp-json\/wp\/v2\/posts\/47113","targetHints":{"allow":["GET"]}}],"collection":[{"href":"https:\/\/nvnoticias.mx\/index.php\/wp-json\/wp\/v2\/posts"}],"about":[{"href":"https:\/\/nvnoticias.mx\/index.php\/wp-json\/wp\/v2\/types\/post"}],"author":[{"embeddable":true,"href":"https:\/\/nvnoticias.mx\/index.php\/wp-json\/wp\/v2\/users\/6"}],"replies":[{"embeddable":true,"href":"https:\/\/nvnoticias.mx\/index.php\/wp-json\/wp\/v2\/comments?post=47113"}],"version-history":[{"count":1,"href":"https:\/\/nvnoticias.mx\/index.php\/wp-json\/wp\/v2\/posts\/47113\/revisions"}],"predecessor-version":[{"id":47115,"href":"https:\/\/nvnoticias.mx\/index.php\/wp-json\/wp\/v2\/posts\/47113\/revisions\/47115"}],"wp:featuredmedia":[{"embeddable":true,"href":"https:\/\/nvnoticias.mx\/index.php\/wp-json\/wp\/v2\/media\/47114"}],"wp:attachment":[{"href":"https:\/\/nvnoticias.mx\/index.php\/wp-json\/wp\/v2\/media?parent=47113"}],"wp:term":[{"taxonomy":"category","embeddable":true,"href":"https:\/\/nvnoticias.mx\/index.php\/wp-json\/wp\/v2\/categories?post=47113"},{"taxonomy":"post_tag","embeddable":true,"href":"https:\/\/nvnoticias.mx\/index.php\/wp-json\/wp\/v2\/tags?post=47113"}],"curies":[{"name":"wp","href":"https:\/\/api.w.org\/{rel}","templated":true}]}}