{"id":47031,"date":"2022-03-26T13:23:49","date_gmt":"2022-03-26T19:23:49","guid":{"rendered":"https:\/\/nvnoticias.mx\/?p=47031"},"modified":"2022-03-26T13:23:50","modified_gmt":"2022-03-26T19:23:50","slug":"gobernador-advierte-que-hay-dudas-sobre-patronatos-que-crean-cuerpos-de-bomberos-en-veracruz","status":"publish","type":"post","link":"https:\/\/nvnoticias.mx\/index.php\/2022\/03\/26\/gobernador-advierte-que-hay-dudas-sobre-patronatos-que-crean-cuerpos-de-bomberos-en-veracruz\/","title":{"rendered":"Gobernador advierte que hay dudas sobre patronatos que crean cuerpos de bomberos en Veracruz"},"content":{"rendered":"\n<p><strong>Sam Ojeda\u00a0\/ NV Noticias<\/strong><\/p>\n\n\n\n<p>Xalapa.- El gobernador Cuitl\u00e1huac Garc\u00eda Jim\u00e9nez dijo que podr\u00edan modificar la forma en que actualmente se constituyen los cuerpos de bomberos en los municipios de Veracruz.<\/p>\n\n\n\n<p>Y es que el mandatario explic\u00f3 que el apoyo que se brinda a trav\u00e9s de los municipios es un tema que queda en la decisi\u00f3n de cada Cabildo o alcalde.\u00a0<\/p>\n\n\n\n<blockquote class=\"wp-block-quote is-layout-flow wp-block-quote-is-layout-flow\"><p>\u201c<em>La problem\u00e1tica hay que aten<\/em>d<em>erla. Hay que revisar toda la reglamentaci\u00f3n porque queda mucho al albedr\u00edo de los municipios apoyar o no<\/em>\u201d.<\/p><\/blockquote>\n\n\n\n<p>Y consider\u00f3 que no est\u00e1 seguro de que la creaci\u00f3n de estos cuerpos de auxilio a trav\u00e9s de la figura de patronatos sea la m\u00e1s adecuada, por lo que dijo se est\u00e1 revisando la Ley de Bomberos para poder hacer modificaciones.\u00a0<\/p>\n\n\n\n<blockquote class=\"wp-block-quote is-layout-flow wp-block-quote-is-layout-flow\"><p>\u201c<em>Hay que aclarar, porque recuerden que se hace bajo esquema de patronatos y no s\u00e9 si sea el mejor, pero ahorita est\u00e1 as\u00ed, vamos a revisar y ver c\u00f3mo vamos a mejorar<\/em>\u201d<\/p><\/blockquote>\n\n\n\n<p>Garc\u00eda Jim\u00e9nez indic\u00f3 que mientras el an\u00e1lisis contin\u00fae no se puede dar una soluci\u00f3n a la demanda de atenci\u00f3n de los bomberos pero que se planea apoyarlos una vez que se establezca el mecanismo.<\/p>\n\n\n\n<blockquote class=\"wp-block-quote is-layout-flow wp-block-quote-is-layout-flow\"><p>\u201c<em>Vamos a revisar, estos en eso, lo tom\u00f3 en sus manos la Secretar\u00eda Osorno y me voy a reunir con ella para ver las conclusiones y ver en qu\u00e9 sentido podemos ayudar (\u2026) que concluya la revisi\u00f3n, como tiene que ver con leyes hay que estar consultado a muchas instancias<\/em>\u201d. \u00a0<\/p><\/blockquote>\n","protected":false},"excerpt":{"rendered":"<p>Sam Ojeda\u00a0\/ NV Noticias Xalapa.- El gobernador Cuitl\u00e1huac Garc\u00eda Jim\u00e9nez dijo que podr\u00edan modificar la forma en que actualmente se constituyen los cuerpos de bomberos en los municipios de Veracruz. Y es que el mandatario explic\u00f3 que el apoyo que se brinda a trav\u00e9s de los municipios es un tema que queda en la decisi\u00f3n [&hellip;]<\/p>\n","protected":false},"author":8,"featured_media":47033,"comment_status":"open","ping_status":"open","sticky":false,"template":"","format":"standard","meta":{"_monsterinsights_skip_tracking":false,"_monsterinsights_sitenote_active":false,"_monsterinsights_sitenote_note":"","_monsterinsights_sitenote_category":0,"footnotes":""},"categories":[156],"tags":[2656,271,12478,162,180],"class_list":["post-47031","post","type-post","status-publish","format-standard","has-post-thumbnail","hentry","category-estado","tag-bomberos","tag-gobernador","tag-patronatos","tag-portada","tag-veracruz","wp-image-borders"],"amp_enabled":true,"_links":{"self":[{"href":"https:\/\/nvnoticias.mx\/index.php\/wp-json\/wp\/v2\/posts\/47031","targetHints":{"allow":["GET"]}}],"collection":[{"href":"https:\/\/nvnoticias.mx\/index.php\/wp-json\/wp\/v2\/posts"}],"about":[{"href":"https:\/\/nvnoticias.mx\/index.php\/wp-json\/wp\/v2\/types\/post"}],"author":[{"embeddable":true,"href":"https:\/\/nvnoticias.mx\/index.php\/wp-json\/wp\/v2\/users\/8"}],"replies":[{"embeddable":true,"href":"https:\/\/nvnoticias.mx\/index.php\/wp-json\/wp\/v2\/comments?post=47031"}],"version-history":[{"count":1,"href":"https:\/\/nvnoticias.mx\/index.php\/wp-json\/wp\/v2\/posts\/47031\/revisions"}],"predecessor-version":[{"id":47034,"href":"https:\/\/nvnoticias.mx\/index.php\/wp-json\/wp\/v2\/posts\/47031\/revisions\/47034"}],"wp:featuredmedia":[{"embeddable":true,"href":"https:\/\/nvnoticias.mx\/index.php\/wp-json\/wp\/v2\/media\/47033"}],"wp:attachment":[{"href":"https:\/\/nvnoticias.mx\/index.php\/wp-json\/wp\/v2\/media?parent=47031"}],"wp:term":[{"taxonomy":"category","embeddable":true,"href":"https:\/\/nvnoticias.mx\/index.php\/wp-json\/wp\/v2\/categories?post=47031"},{"taxonomy":"post_tag","embeddable":true,"href":"https:\/\/nvnoticias.mx\/index.php\/wp-json\/wp\/v2\/tags?post=47031"}],"curies":[{"name":"wp","href":"https:\/\/api.w.org\/{rel}","templated":true}]}}