{"id":46999,"date":"2022-03-26T09:08:02","date_gmt":"2022-03-26T15:08:02","guid":{"rendered":"https:\/\/nvnoticias.mx\/?p=46999"},"modified":"2022-03-26T09:08:04","modified_gmt":"2022-03-26T15:08:04","slug":"hubo-tortura-generalizada-a-testigos-de-ayotzinapa-juan-mendez","status":"publish","type":"post","link":"https:\/\/nvnoticias.mx\/index.php\/2022\/03\/26\/hubo-tortura-generalizada-a-testigos-de-ayotzinapa-juan-mendez\/","title":{"rendered":"Hubo tortura generalizada a testigos de Ayotzinapa: Juan M\u00e9ndez"},"content":{"rendered":"\n<p>Con participaci\u00f3n de otras instituciones, la Procuradur\u00eda General de la Rep\u00fablica (PGR), a cargo entonces de Jes\u00fas Murillo Karam, practic\u00f3 la tortura de manera sistem\u00e1tica y generalizada contra detenidos por el caso Iguala en 2014 y 2015, concluye un dictamen elaborado por el profesor Juan M\u00e9ndez para la fiscal\u00eda especial del Caso Ayotzinapa.\u00a0 <\/p>\n\n\n\n<p>La intenci\u00f3n de la PGR no fue investigar los cr\u00edmenes sino crear la narrativa alterna que Murillo denomin\u00f3 \u201cverdad hist\u00f3rica\u201d. Son hechos tan graves que un tribunal internacional podr\u00eda llegar a calificarlos como cr\u00edmenes de lesa humanidad, consider\u00f3 M\u00e9ndez. <\/p>\n\n\n\n<p>Desde Ginebra, Suiza, y en v\u00edsperas de la presentaci\u00f3n de su nuevo libro Un puesto de lucha. Los derechos humanos en evoluci\u00f3n, que tendr\u00e1 lugar el 31 de marzo en la librer\u00eda Rosario Castellanos del Fondo de Cultura Econ\u00f3mica en la Ciudad de M\u00e9xico, el ex relator de la ONU para casos de tortura habla por primera vez de su reciente contribuci\u00f3n a las pesquisas sobre la noche de Iguala <\/p>\n\n\n\n<blockquote class=\"wp-block-quote is-layout-flow wp-block-quote-is-layout-flow\"><p>\u201c<em>No era solamente una opini\u00f3n jur\u00eddica, lo hice sobre la base del estudio de muchos materiales que la fiscal\u00eda especial puso a mi disposici\u00f3n, incluidos videos de interrogatorios informales, por no decir ilegales, y tambi\u00e9n partes importantes del expediente<\/em>\u201d.<\/p><\/blockquote>\n\n\n\n<p>M\u00e9ndez se enfoc\u00f3 en los ocho detenidos cuyas declaraciones, arrancadas con violencia, formaron la base de la versi\u00f3n desarrollada bajo las \u00f3rdenes de Murillo Karam.\u00a0 <\/p>\n\n\n\n<blockquote class=\"wp-block-quote is-layout-flow wp-block-quote-is-layout-flow\"><p>\u201c<em>Yo he tenido mucho contacto con personas torturadas y he conocido actos de tortura, pero rara vez uno encuentra documentaci\u00f3n tan clara y al mismo tiempo con la intenci\u00f3n de crear una narrativa y no con la intenci\u00f3n de investigar los hechos debidamente<\/em>\u201d, explica el hoy acad\u00e9mico del Washington College of Law.<\/p><\/blockquote>\n\n\n\n<p>Los videos que examin\u00f3 no muestran los peores tratos contra los detenidos, sino que constituyen \u201cuna especie de formalizaci\u00f3n de un interrogatorio que s\u00ed ocurri\u00f3 bajo severas torturas\u201d.\u00a0 <\/p>\n\n\n\n<p>Son eventos \u201cduros desde el punto de vista verbal y, en algunos casos, con algunos golpes tambi\u00e9n. La apariencia de cada una de estas personas, rodeados de gente, a veces fuertemente armada, a veces simplemente presion\u00e1ndolos, con las manos atadas y agachados, y, efectivamente, demostrando una gran temor, me hacen llegar a la conclusi\u00f3n de que estos videos fueron tomados, literalmente, minutos o a lo sumo un par de horas despu\u00e9s de una sesi\u00f3n de torturas muy seria\u201d. Adem\u00e1s del empleo de la tortura psicol\u00f3gica, que \u201cpuede darse de distintas maneras, por ejemplo, las amenazas de ser golpeado o de que algo le pase a la familia de uno\u201d. <\/p>\n\n\n\n<p>Entre la abundante documentaci\u00f3n que emple\u00f3, M\u00e9ndez tuvo a su disposici\u00f3n \u201cdict\u00e1menes m\u00e9dicos tomados contempor\u00e1neamente, en horas de estos mismos videos y algunos despu\u00e9s. De los ocho que yo revis\u00e9, en uno, y como dos meses despu\u00e9s, un m\u00e9dico forense de la Procuradur\u00eda dice que, efectivamente, esta persona fue torturada. En los otros, los distintos m\u00e9dicos que los revisan dicen que las heridas que muestran pueden haber sido provocadas por raspones, por tratar de escaparse en el momento de la captura, todo lo cual es bastante poco probable y un m\u00e9dico forense trabajando de buena fe y usando el Protocolo de Estambul puede demostrar que esas heridas que muestran no pudieron haber sido provocadas solamente en el acto de ser capturado\u201d. Adem\u00e1s, estos dict\u00e1menes ten\u00edan contradicciones con el expediente y entre s\u00ed mismos, \u201cde manera que fue un trabajo bastante poco prolijo\u201d. <\/p>\n\n\n\n<p>Fuente:<a href=\"https:\/\/www.milenio.com\/politica\/tortura-generalizada-testigos-ayotzinapa-juan-mendez\"> Milenio<\/a><\/p>\n","protected":false},"excerpt":{"rendered":"<p>Con participaci\u00f3n de otras instituciones, la Procuradur\u00eda General de la Rep\u00fablica (PGR), a cargo entonces de Jes\u00fas Murillo Karam, practic\u00f3 la tortura de manera sistem\u00e1tica y generalizada contra detenidos por el caso Iguala en 2014 y 2015, concluye un dictamen elaborado por el profesor Juan M\u00e9ndez para la fiscal\u00eda especial del Caso Ayotzinapa.\u00a0 La intenci\u00f3n [&hellip;]<\/p>\n","protected":false},"author":8,"featured_media":47000,"comment_status":"open","ping_status":"open","sticky":false,"template":"","format":"standard","meta":{"_monsterinsights_skip_tracking":false,"_monsterinsights_sitenote_active":false,"_monsterinsights_sitenote_note":"","_monsterinsights_sitenote_category":0,"footnotes":""},"categories":[157],"tags":[850,12473,513,12472,1718],"class_list":["post-46999","post","type-post","status-publish","format-standard","has-post-thumbnail","hentry","category-nacional","tag-ayotzinapa","tag-juan-mendez","tag-onu","tag-testigos","tag-tortura","wp-image-borders"],"amp_enabled":true,"_links":{"self":[{"href":"https:\/\/nvnoticias.mx\/index.php\/wp-json\/wp\/v2\/posts\/46999","targetHints":{"allow":["GET"]}}],"collection":[{"href":"https:\/\/nvnoticias.mx\/index.php\/wp-json\/wp\/v2\/posts"}],"about":[{"href":"https:\/\/nvnoticias.mx\/index.php\/wp-json\/wp\/v2\/types\/post"}],"author":[{"embeddable":true,"href":"https:\/\/nvnoticias.mx\/index.php\/wp-json\/wp\/v2\/users\/8"}],"replies":[{"embeddable":true,"href":"https:\/\/nvnoticias.mx\/index.php\/wp-json\/wp\/v2\/comments?post=46999"}],"version-history":[{"count":1,"href":"https:\/\/nvnoticias.mx\/index.php\/wp-json\/wp\/v2\/posts\/46999\/revisions"}],"predecessor-version":[{"id":47001,"href":"https:\/\/nvnoticias.mx\/index.php\/wp-json\/wp\/v2\/posts\/46999\/revisions\/47001"}],"wp:featuredmedia":[{"embeddable":true,"href":"https:\/\/nvnoticias.mx\/index.php\/wp-json\/wp\/v2\/media\/47000"}],"wp:attachment":[{"href":"https:\/\/nvnoticias.mx\/index.php\/wp-json\/wp\/v2\/media?parent=46999"}],"wp:term":[{"taxonomy":"category","embeddable":true,"href":"https:\/\/nvnoticias.mx\/index.php\/wp-json\/wp\/v2\/categories?post=46999"},{"taxonomy":"post_tag","embeddable":true,"href":"https:\/\/nvnoticias.mx\/index.php\/wp-json\/wp\/v2\/tags?post=46999"}],"curies":[{"name":"wp","href":"https:\/\/api.w.org\/{rel}","templated":true}]}}