{"id":46922,"date":"2022-03-25T13:32:43","date_gmt":"2022-03-25T19:32:43","guid":{"rendered":"https:\/\/nvnoticias.mx\/?p=46922"},"modified":"2022-03-25T13:32:43","modified_gmt":"2022-03-25T19:32:43","slug":"en-xalapa-cierran-mercado-san-jose-por-limpieza","status":"publish","type":"post","link":"https:\/\/nvnoticias.mx\/index.php\/2022\/03\/25\/en-xalapa-cierran-mercado-san-jose-por-limpieza\/","title":{"rendered":"En Xalapa, cierran mercado San Jos\u00e9 por limpieza"},"content":{"rendered":"\n<p>Para prevenir la proliferaci\u00f3n del Coronavirus SARS-CoV-2 y brindar a la ciudadan\u00eda espacios seguros para el comercio, funcionarios municipales, en coordinaci\u00f3n con locatarios del mercado Alcalde y Garc\u00eda, \u201cSan Jos\u00e9\u201d, realizaron labores de limpieza y desinfecci\u00f3n en las instalaciones de este centro abasto, por lo que el mercado permanecer\u00e1 cerrado este d\u00eda.<\/p>\n\n\n\n<figure class=\"wp-block-image size-large\"><img loading=\"lazy\" decoding=\"async\" width=\"1024\" height=\"683\" src=\"https:\/\/nvnoticias.mx\/wp-content\/uploads\/2022\/03\/WhatsApp-Image-2022-03-25-at-1.11.05-PM-1024x683.jpeg\" alt=\"\" class=\"wp-image-46923\" srcset=\"https:\/\/nvnoticias.mx\/wp-content\/uploads\/2022\/03\/WhatsApp-Image-2022-03-25-at-1.11.05-PM-1024x683.jpeg 1024w, https:\/\/nvnoticias.mx\/wp-content\/uploads\/2022\/03\/WhatsApp-Image-2022-03-25-at-1.11.05-PM-300x200.jpeg 300w, https:\/\/nvnoticias.mx\/wp-content\/uploads\/2022\/03\/WhatsApp-Image-2022-03-25-at-1.11.05-PM-768x512.jpeg 768w, https:\/\/nvnoticias.mx\/wp-content\/uploads\/2022\/03\/WhatsApp-Image-2022-03-25-at-1.11.05-PM.jpeg 1280w\" sizes=\"auto, (max-width: 1024px) 100vw, 1024px\" \/><\/figure>\n\n\n\n<p>Al interior del mercado se encuentran locales de comida, abarrotes, florer\u00edas, embutidos, verduler\u00edas, queser\u00edas, entre otros rubros.<\/p>\n\n\n\n<figure class=\"wp-block-image size-large\"><img loading=\"lazy\" decoding=\"async\" width=\"1024\" height=\"683\" src=\"https:\/\/nvnoticias.mx\/wp-content\/uploads\/2022\/03\/WhatsApp-Image-2022-03-25-at-1.11.05-PM-1-1024x683.jpeg\" alt=\"\" class=\"wp-image-46924\" srcset=\"https:\/\/nvnoticias.mx\/wp-content\/uploads\/2022\/03\/WhatsApp-Image-2022-03-25-at-1.11.05-PM-1-1024x683.jpeg 1024w, https:\/\/nvnoticias.mx\/wp-content\/uploads\/2022\/03\/WhatsApp-Image-2022-03-25-at-1.11.05-PM-1-300x200.jpeg 300w, https:\/\/nvnoticias.mx\/wp-content\/uploads\/2022\/03\/WhatsApp-Image-2022-03-25-at-1.11.05-PM-1-768x512.jpeg 768w, https:\/\/nvnoticias.mx\/wp-content\/uploads\/2022\/03\/WhatsApp-Image-2022-03-25-at-1.11.05-PM-1.jpeg 1280w\" sizes=\"auto, (max-width: 1024px) 100vw, 1024px\" \/><\/figure>\n\n\n\n<p>Tras la limpieza, el s\u00e1bado 26 de marzo el mercado estar\u00e1 abierto en su totalidad, por lo que los clientes pueden acudir de manera regular.<\/p>\n","protected":false},"excerpt":{"rendered":"<p>Para prevenir la proliferaci\u00f3n del Coronavirus SARS-CoV-2 y brindar a la ciudadan\u00eda espacios seguros para el comercio, funcionarios municipales, en coordinaci\u00f3n con locatarios del mercado Alcalde y Garc\u00eda, \u201cSan Jos\u00e9\u201d, realizaron labores de limpieza y desinfecci\u00f3n en las instalaciones de este centro abasto, por lo que el mercado permanecer\u00e1 cerrado este d\u00eda. Al interior del [&hellip;]<\/p>\n","protected":false},"author":8,"featured_media":46925,"comment_status":"open","ping_status":"open","sticky":false,"template":"","format":"standard","meta":{"_monsterinsights_skip_tracking":false,"_monsterinsights_sitenote_active":false,"_monsterinsights_sitenote_note":"","_monsterinsights_sitenote_category":0,"footnotes":""},"categories":[156],"tags":[175,8532,12446,312],"class_list":["post-46922","post","type-post","status-publish","format-standard","has-post-thumbnail","hentry","category-estado","tag-covid-19","tag-limpieza","tag-mercado-san-jose","tag-xalapa","wp-image-borders"],"amp_enabled":true,"_links":{"self":[{"href":"https:\/\/nvnoticias.mx\/index.php\/wp-json\/wp\/v2\/posts\/46922","targetHints":{"allow":["GET"]}}],"collection":[{"href":"https:\/\/nvnoticias.mx\/index.php\/wp-json\/wp\/v2\/posts"}],"about":[{"href":"https:\/\/nvnoticias.mx\/index.php\/wp-json\/wp\/v2\/types\/post"}],"author":[{"embeddable":true,"href":"https:\/\/nvnoticias.mx\/index.php\/wp-json\/wp\/v2\/users\/8"}],"replies":[{"embeddable":true,"href":"https:\/\/nvnoticias.mx\/index.php\/wp-json\/wp\/v2\/comments?post=46922"}],"version-history":[{"count":1,"href":"https:\/\/nvnoticias.mx\/index.php\/wp-json\/wp\/v2\/posts\/46922\/revisions"}],"predecessor-version":[{"id":46926,"href":"https:\/\/nvnoticias.mx\/index.php\/wp-json\/wp\/v2\/posts\/46922\/revisions\/46926"}],"wp:featuredmedia":[{"embeddable":true,"href":"https:\/\/nvnoticias.mx\/index.php\/wp-json\/wp\/v2\/media\/46925"}],"wp:attachment":[{"href":"https:\/\/nvnoticias.mx\/index.php\/wp-json\/wp\/v2\/media?parent=46922"}],"wp:term":[{"taxonomy":"category","embeddable":true,"href":"https:\/\/nvnoticias.mx\/index.php\/wp-json\/wp\/v2\/categories?post=46922"},{"taxonomy":"post_tag","embeddable":true,"href":"https:\/\/nvnoticias.mx\/index.php\/wp-json\/wp\/v2\/tags?post=46922"}],"curies":[{"name":"wp","href":"https:\/\/api.w.org\/{rel}","templated":true}]}}