{"id":46902,"date":"2022-03-25T12:32:08","date_gmt":"2022-03-25T18:32:08","guid":{"rendered":"https:\/\/nvnoticias.mx\/?p=46902"},"modified":"2022-03-25T12:32:08","modified_gmt":"2022-03-25T18:32:08","slug":"piden-que-haya-imparcialidad-en-las-elecciones-extraordinarias","status":"publish","type":"post","link":"https:\/\/nvnoticias.mx\/index.php\/2022\/03\/25\/piden-que-haya-imparcialidad-en-las-elecciones-extraordinarias\/","title":{"rendered":"Piden que haya imparcialidad en las  elecciones extraordinarias"},"content":{"rendered":"\n<p><strong>Jes\u00fas Utrilla \/ NV Noticias<\/strong><\/p>\n\n\n\n<p>Temen por elecciones extraordinarias violentas en el estado y es que el Partido del Trabajo duda de la imparcialidad por el trabajo que llevan a cabo\u00a0 los servidores de la Naci\u00f3n.<\/p>\n\n\n\n<p>El diputado local por el Partido del Trabajo (PT), Ram\u00f3n D\u00edaz \u00c1vila se\u00f1al\u00f3 a los servidores de la naci\u00f3n de aprovecharse de los programas sociales para beneficiar a los candidatos del Movimiento de Regeneraci\u00f3n Nacional.<\/p>\n\n\n\n<p>En el municipio de Amatitl\u00e1n se presume la compra de votos por cantidades que van desde los mil y hasta los tres mil pesos, beneficiando a la candidata de el Movimiento de Regeneraci\u00f3n Nacional, entrega de despensas y reuniones en lo obscuro.<\/p>\n\n\n\n<p>Adem\u00e1s de hechos violentos donde han participado protagonistas de otros partidos pol\u00edticos en la pugna por la presidencia municipal 2022.<\/p>\n\n\n\n<p>El clima electoral est\u00e1 enrarecido, la desesperaci\u00f3n de los integrantes de la campa\u00f1a de Morena a los ayuntamientos se ve m\u00e1s, mientras se acerca el d\u00eda de la elecci\u00f3n.<\/p>\n\n\n\n<p>Se prev\u00e9 un cierre y una jornada electoral violenta ante la inmensidad de violaciones y entrega de apoyos gubernamentales en veda electoral.<\/p>\n\n\n\n<p>Llam\u00f3 a que no haya arbitrariedades y violaciones a la ley electoral.<\/p>\n","protected":false},"excerpt":{"rendered":"<p>Jes\u00fas Utrilla \/ NV Noticias Temen por elecciones extraordinarias violentas en el estado y es que el Partido del Trabajo duda de la imparcialidad por el trabajo que llevan a cabo\u00a0 los servidores de la Naci\u00f3n. El diputado local por el Partido del Trabajo (PT), Ram\u00f3n D\u00edaz \u00c1vila se\u00f1al\u00f3 a los servidores de la naci\u00f3n [&hellip;]<\/p>\n","protected":false},"author":8,"featured_media":46904,"comment_status":"open","ping_status":"open","sticky":false,"template":"","format":"standard","meta":{"_monsterinsights_skip_tracking":false,"_monsterinsights_sitenote_active":false,"_monsterinsights_sitenote_note":"","_monsterinsights_sitenote_category":0,"footnotes":""},"categories":[158],"tags":[9548,5053,345],"class_list":["post-46902","post","type-post","status-publish","format-standard","has-post-thumbnail","hentry","category-politica","tag-elecciones-extraordinarias","tag-imparcialidad","tag-pt","wp-image-borders"],"amp_enabled":true,"_links":{"self":[{"href":"https:\/\/nvnoticias.mx\/index.php\/wp-json\/wp\/v2\/posts\/46902","targetHints":{"allow":["GET"]}}],"collection":[{"href":"https:\/\/nvnoticias.mx\/index.php\/wp-json\/wp\/v2\/posts"}],"about":[{"href":"https:\/\/nvnoticias.mx\/index.php\/wp-json\/wp\/v2\/types\/post"}],"author":[{"embeddable":true,"href":"https:\/\/nvnoticias.mx\/index.php\/wp-json\/wp\/v2\/users\/8"}],"replies":[{"embeddable":true,"href":"https:\/\/nvnoticias.mx\/index.php\/wp-json\/wp\/v2\/comments?post=46902"}],"version-history":[{"count":1,"href":"https:\/\/nvnoticias.mx\/index.php\/wp-json\/wp\/v2\/posts\/46902\/revisions"}],"predecessor-version":[{"id":46905,"href":"https:\/\/nvnoticias.mx\/index.php\/wp-json\/wp\/v2\/posts\/46902\/revisions\/46905"}],"wp:featuredmedia":[{"embeddable":true,"href":"https:\/\/nvnoticias.mx\/index.php\/wp-json\/wp\/v2\/media\/46904"}],"wp:attachment":[{"href":"https:\/\/nvnoticias.mx\/index.php\/wp-json\/wp\/v2\/media?parent=46902"}],"wp:term":[{"taxonomy":"category","embeddable":true,"href":"https:\/\/nvnoticias.mx\/index.php\/wp-json\/wp\/v2\/categories?post=46902"},{"taxonomy":"post_tag","embeddable":true,"href":"https:\/\/nvnoticias.mx\/index.php\/wp-json\/wp\/v2\/tags?post=46902"}],"curies":[{"name":"wp","href":"https:\/\/api.w.org\/{rel}","templated":true}]}}