{"id":46754,"date":"2022-03-24T13:59:59","date_gmt":"2022-03-24T19:59:59","guid":{"rendered":"https:\/\/nvnoticias.mx\/?p=46754"},"modified":"2022-03-24T14:00:01","modified_gmt":"2022-03-24T20:00:01","slug":"activara-ine-sistema-de-ubicacion-a-casillas-de-revocacion","status":"publish","type":"post","link":"https:\/\/nvnoticias.mx\/index.php\/2022\/03\/24\/activara-ine-sistema-de-ubicacion-a-casillas-de-revocacion\/","title":{"rendered":"Activar\u00e1 INE sistema de ubicaci\u00f3n a casillas de revocaci\u00f3n"},"content":{"rendered":"\n<p>El Instituto Nacional Electoral (INE) inform\u00f3 que el sistema para ubicar las casillas que se colocar\u00e1n durante la consulta de revocaci\u00f3n de mandato estar\u00e1 disponible de manera anticipada, por lo que los ciudadanos podr\u00e1n realizar sus consultas a partir del 26 de marzo. A trav\u00e9s de las redes sociales del organismo, se comparti\u00f3 la p\u00e1gina para localizar\u00a0el domicilio donde se instalar\u00e1 la casilla m\u00e1s cercana.<\/p>\n\n\n\n<p> Adem\u00e1s, se remarc\u00f3 que se trata de un hecho in\u00e9dito, pues la poblaci\u00f3n contar\u00e1 con 15 d\u00edas para informarse y participar, mientras que en a\u00f1os pasados el sistema se habilit\u00f3 s\u00f3lo seis d\u00edas antes de la consulta. <\/p>\n\n\n\n<p>\u201cEl INE activar\u00e1, de manera anticipada, el sistema http:\/\/ubicatucasilla.ine.mx. A partir del 26 de marzo, 15 d\u00edas antes de la Revocaci\u00f3n de Mandato, podr\u00e1s localizar tu casilla. En 2021 se public\u00f3 s\u00f3lo 6 d\u00edas antes de la jornada. #ElINEnoEscondeCasillas\u201d, escribi\u00f3. <\/p>\n\n\n\n<p>Recientemente, el instituto dio a conocer que para que el ejercicio de revocaci\u00f3n de mandato del presidente Andr\u00e9s Manuel L\u00f3pez Obrador sea vinculante, el pr\u00f3ximo 10 de abril deber\u00e1n acudir a votar al menos 37 millones 129 mil 286 personas. <\/p>\n\n\n\n<p>Fuente: <a href=\"https:\/\/www.milenio.com\/politica\/ine-activara-sistema-ubicar-casillas-revocacion-26-marzo\" data-type=\"URL\" data-id=\"https:\/\/www.milenio.com\/politica\/ine-activara-sistema-ubicar-casillas-revocacion-26-marzo\">Milenio<\/a><\/p>\n","protected":false},"excerpt":{"rendered":"<p>El Instituto Nacional Electoral (INE) inform\u00f3 que el sistema para ubicar las casillas que se colocar\u00e1n durante la consulta de revocaci\u00f3n de mandato estar\u00e1 disponible de manera anticipada, por lo que los ciudadanos podr\u00e1n realizar sus consultas a partir del 26 de marzo. A trav\u00e9s de las redes sociales del organismo, se comparti\u00f3 la p\u00e1gina [&hellip;]<\/p>\n","protected":false},"author":35,"featured_media":46358,"comment_status":"open","ping_status":"open","sticky":false,"template":"","format":"standard","meta":{"_monsterinsights_skip_tracking":false,"_monsterinsights_sitenote_active":false,"_monsterinsights_sitenote_note":"","_monsterinsights_sitenote_category":0,"footnotes":""},"categories":[158],"tags":[12397,12399,443,5354,9831,12398],"class_list":["post-46754","post","type-post","status-publish","format-standard","has-post-thumbnail","hentry","category-politica","tag-activara","tag-casis","tag-ine","tag-revocacion-de-mandato","tag-sistema","tag-ubicacion","wp-image-borders"],"amp_enabled":true,"_links":{"self":[{"href":"https:\/\/nvnoticias.mx\/index.php\/wp-json\/wp\/v2\/posts\/46754","targetHints":{"allow":["GET"]}}],"collection":[{"href":"https:\/\/nvnoticias.mx\/index.php\/wp-json\/wp\/v2\/posts"}],"about":[{"href":"https:\/\/nvnoticias.mx\/index.php\/wp-json\/wp\/v2\/types\/post"}],"author":[{"embeddable":true,"href":"https:\/\/nvnoticias.mx\/index.php\/wp-json\/wp\/v2\/users\/35"}],"replies":[{"embeddable":true,"href":"https:\/\/nvnoticias.mx\/index.php\/wp-json\/wp\/v2\/comments?post=46754"}],"version-history":[{"count":1,"href":"https:\/\/nvnoticias.mx\/index.php\/wp-json\/wp\/v2\/posts\/46754\/revisions"}],"predecessor-version":[{"id":46755,"href":"https:\/\/nvnoticias.mx\/index.php\/wp-json\/wp\/v2\/posts\/46754\/revisions\/46755"}],"wp:featuredmedia":[{"embeddable":true,"href":"https:\/\/nvnoticias.mx\/index.php\/wp-json\/wp\/v2\/media\/46358"}],"wp:attachment":[{"href":"https:\/\/nvnoticias.mx\/index.php\/wp-json\/wp\/v2\/media?parent=46754"}],"wp:term":[{"taxonomy":"category","embeddable":true,"href":"https:\/\/nvnoticias.mx\/index.php\/wp-json\/wp\/v2\/categories?post=46754"},{"taxonomy":"post_tag","embeddable":true,"href":"https:\/\/nvnoticias.mx\/index.php\/wp-json\/wp\/v2\/tags?post=46754"}],"curies":[{"name":"wp","href":"https:\/\/api.w.org\/{rel}","templated":true}]}}