{"id":46640,"date":"2022-03-23T16:32:56","date_gmt":"2022-03-23T22:32:56","guid":{"rendered":"https:\/\/nvnoticias.mx\/?p=46640"},"modified":"2022-03-23T16:32:57","modified_gmt":"2022-03-23T22:32:57","slug":"va-por-mexico-impugna-reforma-sobre-revocacion-de-mandato","status":"publish","type":"post","link":"https:\/\/nvnoticias.mx\/index.php\/2022\/03\/23\/va-por-mexico-impugna-reforma-sobre-revocacion-de-mandato\/","title":{"rendered":"Va Por M\u00e9xico impugna reforma sobre revocaci\u00f3n de mandato"},"content":{"rendered":"\n<p>Los partidos pol\u00edticos que conforman la alianza Va Por M\u00e9xico presentaron una acci\u00f3n de inconstitucionalidad en la Suprema Corte de Justicia de la Naci\u00f3n (SCJN) donde impugnan la reforma que permite la difusi\u00f3n por parte de los servidores p\u00fablicos de la consulta para la revocaci\u00f3n de mandato del presidente Andr\u00e9s Manuel L\u00f3pez Obrador. <\/p>\n\n\n\n<p>Los representantes del PRI, PAN, PRD y Movimiento Ciudadano, solicitaron que una vez que se le d\u00e9 entrada a la acci\u00f3n de inconstitucionalidad se les otorgue la suspensi\u00f3n para que se frene dicho \u201cdecreto\u201d y se impida publicitar el ejercicio de revocaci\u00f3n. <\/p>\n\n\n\n<p>Marko Cort\u00e9s, l\u00edder del Partido Acci\u00f3n Nacional (PAN), dijo que esperan que la Corte declare inconstitucional esta reforma que busca cambiar las reglas del juego. <\/p>\n\n\n\n<blockquote class=\"wp-block-quote is-layout-flow wp-block-quote-is-layout-flow\"><p>\u201c<em>Esto es absolutamente inaceptable, estamos en medio de una consulta tergiversada de la revocaci\u00f3n de mandato que el propio presidente de la Rep\u00fablica impuls\u00f3, que ellos mismos aprobaron, pero que ahora al ver el desinter\u00e9s de la sociedad en participar en esta gran farsa est\u00e1n cambiando las reglas del juego para que los funcionarios del gobierno destinen su tiempo, que deber\u00edan destinarlo a darnos resultados, para hacer promoci\u00f3n para que la gente vaya a votar en esta falsa consulta de revocaci\u00f3n de mandato en lo que hoy es m\u00e1s bien una ratificaci\u00f3n de mandato<\/em>\u201d, expres\u00f3.<\/p><\/blockquote>\n\n\n\n<p>Indic\u00f3 que acudieron a la Corte para que de manera inmediata suspenda la aplicaci\u00f3n de esta ley y para que entre al fondo. <\/p>\n\n\n\n<p>Destac\u00f3 que la sala especializada del Tribunal Electoral del Poder Judicial de la Federaci\u00f3n (TEPJF) ha dicho que la ley pudiera ser v\u00e1lida, pero que en todo caso no es aplicable a este proceso de consulta de revocaci\u00f3n de mandato debido a que ya estamos en medio de la misma y la Constituci\u00f3n establece que 90 d\u00edas antes de iniciado un proceso como es \u00e9ste no se pueden hacer cambios en las reglas del juego.\u200b<\/p>\n\n\n\n<p>Fuente: <a href=\"https:\/\/www.milenio.com\/policia\/revocacion-mandato-impugnan-reforma-permite-publicidad\">Milenio<\/a><\/p>\n","protected":false},"excerpt":{"rendered":"<p>Los partidos pol\u00edticos que conforman la alianza Va Por M\u00e9xico presentaron una acci\u00f3n de inconstitucionalidad en la Suprema Corte de Justicia de la Naci\u00f3n (SCJN) donde impugnan la reforma que permite la difusi\u00f3n por parte de los servidores p\u00fablicos de la consulta para la revocaci\u00f3n de mandato del presidente Andr\u00e9s Manuel L\u00f3pez Obrador. Los representantes [&hellip;]<\/p>\n","protected":false},"author":8,"featured_media":46642,"comment_status":"open","ping_status":"open","sticky":false,"template":"","format":"standard","meta":{"_monsterinsights_skip_tracking":false,"_monsterinsights_sitenote_active":false,"_monsterinsights_sitenote_note":"","_monsterinsights_sitenote_category":0,"footnotes":""},"categories":[158],"tags":[12360,5354,794],"class_list":["post-46640","post","type-post","status-publish","format-standard","has-post-thumbnail","hentry","category-politica","tag-impugna","tag-revocacion-de-mandato","tag-va-por-mexico","wp-image-borders"],"amp_enabled":true,"_links":{"self":[{"href":"https:\/\/nvnoticias.mx\/index.php\/wp-json\/wp\/v2\/posts\/46640","targetHints":{"allow":["GET"]}}],"collection":[{"href":"https:\/\/nvnoticias.mx\/index.php\/wp-json\/wp\/v2\/posts"}],"about":[{"href":"https:\/\/nvnoticias.mx\/index.php\/wp-json\/wp\/v2\/types\/post"}],"author":[{"embeddable":true,"href":"https:\/\/nvnoticias.mx\/index.php\/wp-json\/wp\/v2\/users\/8"}],"replies":[{"embeddable":true,"href":"https:\/\/nvnoticias.mx\/index.php\/wp-json\/wp\/v2\/comments?post=46640"}],"version-history":[{"count":1,"href":"https:\/\/nvnoticias.mx\/index.php\/wp-json\/wp\/v2\/posts\/46640\/revisions"}],"predecessor-version":[{"id":46643,"href":"https:\/\/nvnoticias.mx\/index.php\/wp-json\/wp\/v2\/posts\/46640\/revisions\/46643"}],"wp:featuredmedia":[{"embeddable":true,"href":"https:\/\/nvnoticias.mx\/index.php\/wp-json\/wp\/v2\/media\/46642"}],"wp:attachment":[{"href":"https:\/\/nvnoticias.mx\/index.php\/wp-json\/wp\/v2\/media?parent=46640"}],"wp:term":[{"taxonomy":"category","embeddable":true,"href":"https:\/\/nvnoticias.mx\/index.php\/wp-json\/wp\/v2\/categories?post=46640"},{"taxonomy":"post_tag","embeddable":true,"href":"https:\/\/nvnoticias.mx\/index.php\/wp-json\/wp\/v2\/tags?post=46640"}],"curies":[{"name":"wp","href":"https:\/\/api.w.org\/{rel}","templated":true}]}}