{"id":46622,"date":"2022-03-23T15:33:59","date_gmt":"2022-03-23T21:33:59","guid":{"rendered":"https:\/\/nvnoticias.mx\/?p=46622"},"modified":"2022-03-23T15:34:00","modified_gmt":"2022-03-23T21:34:00","slug":"la-educacion-un-compromiso-de-este-gobierno-ricardo-ahued","status":"publish","type":"post","link":"https:\/\/nvnoticias.mx\/index.php\/2022\/03\/23\/la-educacion-un-compromiso-de-este-gobierno-ricardo-ahued\/","title":{"rendered":"La educaci\u00f3n, un compromiso de este gobierno: Ricardo Ahued"},"content":{"rendered":"\n<p>Xalapa, Ver.- El alcalde Ricardo Ahued Bardahuil refrend\u00f3 el compromiso de su administraci\u00f3n con la educaci\u00f3n y manifest\u00f3 que desde el Ayuntamiento de Xalapa se trabajar\u00e1 en las demandas de los ni\u00f1os y j\u00f3venes para generar ambientes sanos y seguros. \u201cAqu\u00ed ellos mandan. Estamos atendiendo los temas que nos piden para mejorar el entorno de la ciudad y las escuelas\u201d.<\/p>\n\n\n\n<p>Al recibir a estudiantes de la primaria \u201cJos\u00e9 Azueta\u201d, ubicada en la unidad habitacional Fovissste, Ricardo Ahued dio a conocer que pr\u00f3ximamente se retomar\u00e1n las visitas guiadas a Palacio Municipal para que los peque\u00f1os conozcan la Sala de Cabildo y expresen sus inquietudes a las autoridades municipales.<\/p>\n\n\n\n<p>El director del plantel, Marco Antonio Hern\u00e1ndez V\u00e1squez, expuso que cumpliendo con el programa de cuarto a\u00f1o, los ni\u00f1os escribieron cartas al presidente municipal Ricardo Ahued Bardahuil: \u201cDe pu\u00f1o y letra los peque\u00f1os expusieron sus peticiones a las autoridades. Nos da mucho gusto saber que \u00e9l dedic\u00f3 tiempo y espacio para atenderlas. Esto demuestra su sensibilidad y compromiso como servidor p\u00fablico\u201d.<\/p>\n\n\n\n<figure class=\"wp-block-image size-large\"><img loading=\"lazy\" decoding=\"async\" width=\"1024\" height=\"650\" src=\"https:\/\/nvnoticias.mx\/wp-content\/uploads\/2022\/03\/WhatsApp-Image-2022-03-23-at-3.30.00-PM-1024x650.jpeg\" alt=\"\" class=\"wp-image-46623\" srcset=\"https:\/\/nvnoticias.mx\/wp-content\/uploads\/2022\/03\/WhatsApp-Image-2022-03-23-at-3.30.00-PM-1024x650.jpeg 1024w, https:\/\/nvnoticias.mx\/wp-content\/uploads\/2022\/03\/WhatsApp-Image-2022-03-23-at-3.30.00-PM-300x191.jpeg 300w, https:\/\/nvnoticias.mx\/wp-content\/uploads\/2022\/03\/WhatsApp-Image-2022-03-23-at-3.30.00-PM-768x488.jpeg 768w, https:\/\/nvnoticias.mx\/wp-content\/uploads\/2022\/03\/WhatsApp-Image-2022-03-23-at-3.30.00-PM.jpeg 1280w\" sizes=\"auto, (max-width: 1024px) 100vw, 1024px\" \/><\/figure>\n\n\n\n<p>Pidi\u00f3 al Alcalde gestionar ante las autoridades educativas algunas mejoras para esta escuela y equipamiento, adem\u00e1s del apoyo en materia de seguridad p\u00fablica, alumbrado y mantenimiento del arbolado, entre otras.<\/p>\n\n\n\n<p>Asistieron la directora de Medio Ambiente, Ana Isabel Guevara Escobar; el director de Seguridad Ciudadana, Miguel Valdez Ram\u00edrez y el subdirector de Obras P\u00fablicas, Gerardo Lobato.<\/p>\n","protected":false},"excerpt":{"rendered":"<p>Xalapa, Ver.- El alcalde Ricardo Ahued Bardahuil refrend\u00f3 el compromiso de su administraci\u00f3n con la educaci\u00f3n y manifest\u00f3 que desde el Ayuntamiento de Xalapa se trabajar\u00e1 en las demandas de los ni\u00f1os y j\u00f3venes para generar ambientes sanos y seguros. \u201cAqu\u00ed ellos mandan. Estamos atendiendo los temas que nos piden para mejorar el entorno de [&hellip;]<\/p>\n","protected":false},"author":8,"featured_media":46624,"comment_status":"open","ping_status":"open","sticky":false,"template":"","format":"standard","meta":{"_monsterinsights_skip_tracking":false,"_monsterinsights_sitenote_active":false,"_monsterinsights_sitenote_note":"","_monsterinsights_sitenote_category":0,"footnotes":""},"categories":[156],"tags":[492,1086],"class_list":["post-46622","post","type-post","status-publish","format-standard","has-post-thumbnail","hentry","category-estado","tag-educacion","tag-ricardo-ahued","wp-image-borders"],"amp_enabled":true,"_links":{"self":[{"href":"https:\/\/nvnoticias.mx\/index.php\/wp-json\/wp\/v2\/posts\/46622","targetHints":{"allow":["GET"]}}],"collection":[{"href":"https:\/\/nvnoticias.mx\/index.php\/wp-json\/wp\/v2\/posts"}],"about":[{"href":"https:\/\/nvnoticias.mx\/index.php\/wp-json\/wp\/v2\/types\/post"}],"author":[{"embeddable":true,"href":"https:\/\/nvnoticias.mx\/index.php\/wp-json\/wp\/v2\/users\/8"}],"replies":[{"embeddable":true,"href":"https:\/\/nvnoticias.mx\/index.php\/wp-json\/wp\/v2\/comments?post=46622"}],"version-history":[{"count":1,"href":"https:\/\/nvnoticias.mx\/index.php\/wp-json\/wp\/v2\/posts\/46622\/revisions"}],"predecessor-version":[{"id":46625,"href":"https:\/\/nvnoticias.mx\/index.php\/wp-json\/wp\/v2\/posts\/46622\/revisions\/46625"}],"wp:featuredmedia":[{"embeddable":true,"href":"https:\/\/nvnoticias.mx\/index.php\/wp-json\/wp\/v2\/media\/46624"}],"wp:attachment":[{"href":"https:\/\/nvnoticias.mx\/index.php\/wp-json\/wp\/v2\/media?parent=46622"}],"wp:term":[{"taxonomy":"category","embeddable":true,"href":"https:\/\/nvnoticias.mx\/index.php\/wp-json\/wp\/v2\/categories?post=46622"},{"taxonomy":"post_tag","embeddable":true,"href":"https:\/\/nvnoticias.mx\/index.php\/wp-json\/wp\/v2\/tags?post=46622"}],"curies":[{"name":"wp","href":"https:\/\/api.w.org\/{rel}","templated":true}]}}