{"id":46596,"date":"2022-03-23T14:36:26","date_gmt":"2022-03-23T20:36:26","guid":{"rendered":"https:\/\/nvnoticias.mx\/?p=46596"},"modified":"2022-03-23T14:36:26","modified_gmt":"2022-03-23T20:36:26","slug":"rompe-el-silencio-amanda-bynes-tras-el-fin-de-su-tutela","status":"publish","type":"post","link":"https:\/\/nvnoticias.mx\/index.php\/2022\/03\/23\/rompe-el-silencio-amanda-bynes-tras-el-fin-de-su-tutela\/","title":{"rendered":"Rompe el silencio Amanda Bynes tras el fin de su tutela"},"content":{"rendered":"\n<p>Despu\u00e9s de que se diera a conociera la noticia este 22 de marzo de que la tutela de nueve a\u00f1os de la actriz de 35 a\u00f1os hab\u00eda terminado, Amanda\u00a0comparti\u00f3 su sentir en exclusiva\u00a0con E! News.<\/p>\n\n\n\n<p>El 22 de marzo, un Tribunal Superior del Condado de Ventura accedi\u00f3 a la solicitud de la ex estrella de Nickelodeon de terminar su tutela, lo que inmediatamente retir\u00f3 a su madre&nbsp;<a href=\"https:\/\/www.eonline.com\/mx\/news\/1324118\/la-tutela-de-amanda-bynes-llega-a-su-fin-despues-de-casi-9-anos\" target=\"_blank\" rel=\"noreferrer noopener\">Lynn Bynes<\/a>&nbsp;del puesto de gesti\u00f3n de los asuntos m\u00e9dicos, personales y financieros de su hija.<\/p>\n\n\n\n<p>En febrero, Amanda, quien se comprometi\u00f3 con\u00a0Paul Michael\u00a0en 2020, present\u00f3 una solicitud para poner fin a la tutela. En documentos judiciales obtenidos por E! News, la actriz dijo que ahora &#8220;tiene la capacidad de dar su consentimiento informado a cualquier forma de tratamiento m\u00e9dico&#8221; y &#8220;quiere vivir libre de cualquier restricci\u00f3n&#8221;.<\/p>\n\n\n\n<p>En 2013, a Lynn se le concedi\u00f3 una tutela temporal despu\u00e9s de que la actriz fuera acusada de invadir la propiedad de un vecino y provocar un peque\u00f1o incendio en el camino de entrada. M\u00e1s tarde, Amanda se someti\u00f3 a una hospitalizaci\u00f3n psiqui\u00e1trica y a su madre se le otorg\u00f3 la tutela completa en 2014, lo que le dio control legal sobre los asuntos de Amanda, incluido su patrimonio.<\/p>\n\n\n\n<p>Una fuente cercana a Amanda le dijo a E! News el 22 de marzo que la actriz de<em>&nbsp;She&#8217;s the Man<\/em>&nbsp;&#8220;expres\u00f3 su agradecimiento a sus padres por apoyarla y estaba muy agradecida de que creyeran en ella para que ya no necesite estar bajo la tutela&#8221;.<\/p>\n\n\n\n<p>En cuanto a lo que sigue para\u00a0Amanda, la fuente dijo que est\u00e1 haciendo planes para casarse &#8220;pronto&#8221; con su prometido.<\/p>\n\n\n\n<p>&#8220;Amanda planea mudarse a su propia casa en las pr\u00f3ximas semanas, pero a\u00fan no ha comprado oficialmente una casa, todav\u00eda est\u00e1 buscando&#8221;, le dijo la fuente a E! News. &#8220;Todo indica que Paul se mudar\u00e1 con Amanda&#8221;.<\/p>\n\n\n\n<p>La fuente tambi\u00e9n dijo que\u00a0Amanda\u00a0est\u00e1 haciendo planes para seguir adelante con su l\u00ednea de perfumes, que &#8220;ser\u00e1 el primer proyecto que emprenda por su cuenta ahora que est\u00e1 libre de la tutela&#8221;.<\/p>\n\n\n\n<p>Fuente: <a href=\"https:\/\/www.eonline.com\/mx\/news\/1324142\/amanda-bynes-rompe-el-silencio-tras-el-fin-de-su-tutela\" data-type=\"URL\" data-id=\"https:\/\/www.eonline.com\/mx\/news\/1324142\/amanda-bynes-rompe-el-silencio-tras-el-fin-de-su-tutela\">E!<\/a><\/p>\n","protected":false},"excerpt":{"rendered":"<p>Despu\u00e9s de que se diera a conociera la noticia este 22 de marzo de que la tutela de nueve a\u00f1os de la actriz de 35 a\u00f1os hab\u00eda terminado, Amanda\u00a0comparti\u00f3 su sentir en exclusiva\u00a0con E! News. El 22 de marzo, un Tribunal Superior del Condado de Ventura accedi\u00f3 a la solicitud de la ex estrella de [&hellip;]<\/p>\n","protected":false},"author":35,"featured_media":46604,"comment_status":"open","ping_status":"open","sticky":false,"template":"","format":"standard","meta":{"_monsterinsights_skip_tracking":false,"_monsterinsights_sitenote_active":false,"_monsterinsights_sitenote_note":"","_monsterinsights_sitenote_category":0,"footnotes":""},"categories":[576],"tags":[12346,8041,8042,1342],"class_list":["post-46596","post","type-post","status-publish","format-standard","has-post-thumbnail","hentry","category-ocio","tag-amanda-bynes","tag-rompe","tag-silencio","tag-tutela","wp-image-borders"],"amp_enabled":true,"_links":{"self":[{"href":"https:\/\/nvnoticias.mx\/index.php\/wp-json\/wp\/v2\/posts\/46596","targetHints":{"allow":["GET"]}}],"collection":[{"href":"https:\/\/nvnoticias.mx\/index.php\/wp-json\/wp\/v2\/posts"}],"about":[{"href":"https:\/\/nvnoticias.mx\/index.php\/wp-json\/wp\/v2\/types\/post"}],"author":[{"embeddable":true,"href":"https:\/\/nvnoticias.mx\/index.php\/wp-json\/wp\/v2\/users\/35"}],"replies":[{"embeddable":true,"href":"https:\/\/nvnoticias.mx\/index.php\/wp-json\/wp\/v2\/comments?post=46596"}],"version-history":[{"count":1,"href":"https:\/\/nvnoticias.mx\/index.php\/wp-json\/wp\/v2\/posts\/46596\/revisions"}],"predecessor-version":[{"id":46605,"href":"https:\/\/nvnoticias.mx\/index.php\/wp-json\/wp\/v2\/posts\/46596\/revisions\/46605"}],"wp:featuredmedia":[{"embeddable":true,"href":"https:\/\/nvnoticias.mx\/index.php\/wp-json\/wp\/v2\/media\/46604"}],"wp:attachment":[{"href":"https:\/\/nvnoticias.mx\/index.php\/wp-json\/wp\/v2\/media?parent=46596"}],"wp:term":[{"taxonomy":"category","embeddable":true,"href":"https:\/\/nvnoticias.mx\/index.php\/wp-json\/wp\/v2\/categories?post=46596"},{"taxonomy":"post_tag","embeddable":true,"href":"https:\/\/nvnoticias.mx\/index.php\/wp-json\/wp\/v2\/tags?post=46596"}],"curies":[{"name":"wp","href":"https:\/\/api.w.org\/{rel}","templated":true}]}}