{"id":46553,"date":"2022-03-23T12:19:54","date_gmt":"2022-03-23T18:19:54","guid":{"rendered":"https:\/\/nvnoticias.mx\/?p=46553"},"modified":"2022-03-23T12:19:56","modified_gmt":"2022-03-23T18:19:56","slug":"advierte-secretaria-de-bienestar-a-alcaldes-veracruzanos-usos-del-fais","status":"publish","type":"post","link":"https:\/\/nvnoticias.mx\/index.php\/2022\/03\/23\/advierte-secretaria-de-bienestar-a-alcaldes-veracruzanos-usos-del-fais\/","title":{"rendered":"Advierte secretaria de Bienestar a alcaldes veracruzanos usos del FAIS"},"content":{"rendered":"\n<p><strong>Sam Ojeda\u00a0\/ NV Noticias<\/strong><\/p>\n\n\n\n<p>Xalapa.-\u00a0La secretaria del Bienestar a nivel federal, Ariadna Montiel Reyes, advirti\u00f3 a los alcaldes en Veracruz que los recursos del Fondo de Aportaciones para la Infraestructura Social (FAIS) no son para construir \u201carcos o letras de colores\u201d.<\/p>\n\n\n\n<p>Durante su mensaje en la Jornada de capacitaci\u00f3n \u201cParticipaci\u00f3n de los gobiernos municipales en la construcci\u00f3n del bienestar\u201d del FAIS, dijo\u00a0que no habr\u00e1 intermediarios que permitan aumentar sus recursos.\u00a0Agreg\u00f3 que los municipios recibir\u00e1n 8 mil 300 millones de pesos y mil 100 millones de pesos para el estado, por lo que suman casi 10 mil millones de pesos para Veracruz.\u00a0<\/p>\n\n\n\n<p>No obstante, la funcionaria pidi\u00f3 a los alcaldes no caer en malas pr\u00e1cticas como \u00e9l intermediarismo porque \u201dser\u00e1n implacables\u201d.&nbsp;<\/p>\n\n\n\n<blockquote class=\"wp-block-quote is-layout-flow wp-block-quote-is-layout-flow\"><p>\u201c<em>Lo digo de manera respetuosa no necesitamos arcos, nombres, letras de colores, que el fondo resuelva los temas m\u00e1s enredos de la gente. Ha habido antecedentes de malas pr\u00e1cticas y lo decimos con mucha claridad, no hay intermediarios entre ustedes (alcaldes) y el Gobierno federal<\/em>\u201d.<\/p><\/blockquote>\n\n\n\n<p>Pidi\u00f3 a los alcaldes no dejar que \u201cse metan\u201d entre el Gobierno federal y los municipios porque no habr\u00e1 l\u00ednea para la contrataci\u00f3n de constructores o para lograr mayores ingresos.<\/p>\n\n\n\n<blockquote class=\"wp-block-quote is-layout-flow wp-block-quote-is-layout-flow\"><p>\u201c<em>No les vamos a mandar a ning\u00fan constructor ni nadie se los va a mandar. Esto es muy importante que lo sepan porque hay historias muy conocidas y vamos a pedirle al Gobernador que nos designe a alguien de su confianza que est\u00e9 en coordinaci\u00f3n con ustedes (municipios) y con nosotros para atender esta situaci\u00f3n, que el Gobernador encabeza estos trabajos entre los municipios y la federaci\u00f3n\u201d<\/em>.\u00a0<\/p><\/blockquote>\n","protected":false},"excerpt":{"rendered":"<p>Sam Ojeda\u00a0\/ NV Noticias Xalapa.-\u00a0La secretaria del Bienestar a nivel federal, Ariadna Montiel Reyes, advirti\u00f3 a los alcaldes en Veracruz que los recursos del Fondo de Aportaciones para la Infraestructura Social (FAIS) no son para construir \u201carcos o letras de colores\u201d. Durante su mensaje en la Jornada de capacitaci\u00f3n \u201cParticipaci\u00f3n de los gobiernos municipales en [&hellip;]<\/p>\n","protected":false},"author":8,"featured_media":46556,"comment_status":"open","ping_status":"open","sticky":false,"template":"","format":"standard","meta":{"_monsterinsights_skip_tracking":false,"_monsterinsights_sitenote_active":false,"_monsterinsights_sitenote_note":"","_monsterinsights_sitenote_category":0,"footnotes":""},"categories":[156],"tags":[1013,12329,12328],"class_list":["post-46553","post","type-post","status-publish","format-standard","has-post-thumbnail","hentry","category-estado","tag-alcaldes","tag-fais","tag-secretaria-de-bienestar-2","wp-image-borders"],"amp_enabled":true,"_links":{"self":[{"href":"https:\/\/nvnoticias.mx\/index.php\/wp-json\/wp\/v2\/posts\/46553","targetHints":{"allow":["GET"]}}],"collection":[{"href":"https:\/\/nvnoticias.mx\/index.php\/wp-json\/wp\/v2\/posts"}],"about":[{"href":"https:\/\/nvnoticias.mx\/index.php\/wp-json\/wp\/v2\/types\/post"}],"author":[{"embeddable":true,"href":"https:\/\/nvnoticias.mx\/index.php\/wp-json\/wp\/v2\/users\/8"}],"replies":[{"embeddable":true,"href":"https:\/\/nvnoticias.mx\/index.php\/wp-json\/wp\/v2\/comments?post=46553"}],"version-history":[{"count":1,"href":"https:\/\/nvnoticias.mx\/index.php\/wp-json\/wp\/v2\/posts\/46553\/revisions"}],"predecessor-version":[{"id":46557,"href":"https:\/\/nvnoticias.mx\/index.php\/wp-json\/wp\/v2\/posts\/46553\/revisions\/46557"}],"wp:featuredmedia":[{"embeddable":true,"href":"https:\/\/nvnoticias.mx\/index.php\/wp-json\/wp\/v2\/media\/46556"}],"wp:attachment":[{"href":"https:\/\/nvnoticias.mx\/index.php\/wp-json\/wp\/v2\/media?parent=46553"}],"wp:term":[{"taxonomy":"category","embeddable":true,"href":"https:\/\/nvnoticias.mx\/index.php\/wp-json\/wp\/v2\/categories?post=46553"},{"taxonomy":"post_tag","embeddable":true,"href":"https:\/\/nvnoticias.mx\/index.php\/wp-json\/wp\/v2\/tags?post=46553"}],"curies":[{"name":"wp","href":"https:\/\/api.w.org\/{rel}","templated":true}]}}