{"id":46517,"date":"2022-03-23T10:53:52","date_gmt":"2022-03-23T16:53:52","guid":{"rendered":"https:\/\/nvnoticias.mx\/?p=46517"},"modified":"2022-03-23T10:59:38","modified_gmt":"2022-03-23T16:59:38","slug":"anuncian-caravana-para-promover-voto-contra-amlo","status":"publish","type":"post","link":"https:\/\/nvnoticias.mx\/index.php\/2022\/03\/23\/anuncian-caravana-para-promover-voto-contra-amlo\/","title":{"rendered":"Anuncian caravana para promover voto contra AMLO"},"content":{"rendered":"\n<p><strong>Sam Ojeda | NV Noticias <\/strong><\/p>\n\n\n\n<p>Xalapa.- Este domingo 27 de marzo se realizar\u00e1 una caravana m\u00f3vil para promover la participaci\u00f3n ciudadana en la consulta para la revocaci\u00f3n de mandato del presidente Andr\u00e9s Manuel L\u00f3pez Obrador.<\/p>\n\n\n\n<p>Milda Ria\u00f1o Rodr\u00edguez, coordinadora de FRENA, dijo que partir\u00e1n desde la Central de Abasto para promover remover a L\u00f3pez Obrador<\/p>\n\n\n\n<p>\u201cNos est\u00e1 llevando al socialismo y comunismo. Si no detenemos al presidente y lo quitamos, \u00e9l tratar\u00e1 de infiltrar a gente en el INE para cambiar la Constitucuon, cambiar al INE y perpetuarse en el poder, como lo hizo Hugo Ch\u00e1vez y Nicol\u00e1s Maduro\u201d.<\/p>\n\n\n\n<p>Dijo que el Presidente se ha caracterizado por destruir instituciones como el INE que ha tratado de desaparecerla<\/p>\n\n\n\n<p>\u201cLo que quiere hacer con la Cuarta Transformaci\u00f3n es transformar al pa\u00eds de la democracia a la dictadora\u201d.<\/p>\n\n\n\n<p>Dijo que aquellos que reciben apoyo del gobierno federal \u201clos est\u00e1n comprando para que voten por \u00e9l pero \u00e9l y seguir\u00e1 llegando sin importar qui\u00e9n est\u00e9\u201d.<\/p>\n\n\n\n<p>\u201cEst\u00e1n vendiendo la democracia del pa\u00eds y est\u00e1n heredando in r\u00e9gimen comunidad de hambre y miseria, el presidente quiere a un pueblo pobre y sin derechos\u201d.<\/p>\n","protected":false},"excerpt":{"rendered":"<p>Sam Ojeda | NV Noticias Xalapa.- Este domingo 27 de marzo se realizar\u00e1 una caravana m\u00f3vil para promover la participaci\u00f3n ciudadana en la consulta para la revocaci\u00f3n de mandato del presidente Andr\u00e9s Manuel L\u00f3pez Obrador. Milda Ria\u00f1o Rodr\u00edguez, coordinadora de FRENA, dijo que partir\u00e1n desde la Central de Abasto para promover remover a L\u00f3pez Obrador [&hellip;]<\/p>\n","protected":false},"author":35,"featured_media":35564,"comment_status":"open","ping_status":"open","sticky":false,"template":"","format":"standard","meta":{"_monsterinsights_skip_tracking":false,"_monsterinsights_sitenote_active":false,"_monsterinsights_sitenote_note":"","_monsterinsights_sitenote_category":0,"footnotes":""},"categories":[156],"tags":[188,7925,1206,5459,314,12319,2990],"class_list":["post-46517","post","type-post","status-publish","format-standard","has-post-thumbnail","hentry","category-estado","tag-amlo","tag-anuncian","tag-caravana","tag-contra","tag-estado","tag-promover","tag-voto","wp-image-borders"],"amp_enabled":true,"_links":{"self":[{"href":"https:\/\/nvnoticias.mx\/index.php\/wp-json\/wp\/v2\/posts\/46517","targetHints":{"allow":["GET"]}}],"collection":[{"href":"https:\/\/nvnoticias.mx\/index.php\/wp-json\/wp\/v2\/posts"}],"about":[{"href":"https:\/\/nvnoticias.mx\/index.php\/wp-json\/wp\/v2\/types\/post"}],"author":[{"embeddable":true,"href":"https:\/\/nvnoticias.mx\/index.php\/wp-json\/wp\/v2\/users\/35"}],"replies":[{"embeddable":true,"href":"https:\/\/nvnoticias.mx\/index.php\/wp-json\/wp\/v2\/comments?post=46517"}],"version-history":[{"count":1,"href":"https:\/\/nvnoticias.mx\/index.php\/wp-json\/wp\/v2\/posts\/46517\/revisions"}],"predecessor-version":[{"id":46518,"href":"https:\/\/nvnoticias.mx\/index.php\/wp-json\/wp\/v2\/posts\/46517\/revisions\/46518"}],"wp:featuredmedia":[{"embeddable":true,"href":"https:\/\/nvnoticias.mx\/index.php\/wp-json\/wp\/v2\/media\/35564"}],"wp:attachment":[{"href":"https:\/\/nvnoticias.mx\/index.php\/wp-json\/wp\/v2\/media?parent=46517"}],"wp:term":[{"taxonomy":"category","embeddable":true,"href":"https:\/\/nvnoticias.mx\/index.php\/wp-json\/wp\/v2\/categories?post=46517"},{"taxonomy":"post_tag","embeddable":true,"href":"https:\/\/nvnoticias.mx\/index.php\/wp-json\/wp\/v2\/tags?post=46517"}],"curies":[{"name":"wp","href":"https:\/\/api.w.org\/{rel}","templated":true}]}}