{"id":46390,"date":"2022-03-22T12:55:13","date_gmt":"2022-03-22T18:55:13","guid":{"rendered":"https:\/\/nvnoticias.mx\/?p=46390"},"modified":"2022-03-22T12:55:14","modified_gmt":"2022-03-22T18:55:14","slug":"moreira-vs-aguayo-y-la-libertad-de-expresion","status":"publish","type":"post","link":"https:\/\/nvnoticias.mx\/index.php\/2022\/03\/22\/moreira-vs-aguayo-y-la-libertad-de-expresion\/","title":{"rendered":"Moreira vs Aguayo\u2026 y la libertad de expresi\u00f3n"},"content":{"rendered":"\n<p><strong>Ricardo Homs<\/strong><\/p>\n\n\n\n<p>La resoluci\u00f3n de la SCJN exonerando al acad\u00e9mico y periodista Sergio Aguayo de pagar los diez millones pesos impuestos por un juez que dio curso a la demanda interpuesta en su contra por el exgobernador\u00a0Humberto Moreira, es un verdadero espaldarazo a la libertad de expresi\u00f3n, que hoy enfrenta graves peligros.<\/p>\n\n\n\n<p>Es importante entender que si Moreira logr\u00f3 tener el respaldo de varios jueces fue porque en el C\u00f3digo Civil de la Federaci\u00f3n existe un art\u00edculo que castiga el supuesto da\u00f1o moral que se deriva de la\u00a0difusi\u00f3n period\u00edstica.<\/p>\n\n\n\n<p>Bajo el argumento de resarcir el da\u00f1o moral sufrido por el exgobernador a causa de un art\u00edculo publicado por\u00a0Sergio Aguayo\u00a0en el peri\u00f3dico Reforma, se constituy\u00f3 el il\u00edcito.<\/p>\n\n\n\n<p>El art\u00edculo 1916 del C\u00f3digo Civil de la Federaci\u00f3n describe al da\u00f1o moral como \u201cla afectaci\u00f3n que una persona sufre en sus sentimientos, afectos, creencias, decoro, honor, reputaci\u00f3n, vida privada, configuraci\u00f3n y aspecto f\u00edsicos, o bien en la consideraci\u00f3n que de s\u00ed misma tienen los dem\u00e1s\u201d.<\/p>\n\n\n\n<p>Este art\u00edculo precisa que se presumir\u00e1 que hubo da\u00f1o moral cuando \u201cse vulnere o menoscabe ileg\u00edtimamente la libertad o la integridad f\u00edsica o ps\u00edquica de las personas\u201d.<\/p>\n\n\n\n<p>Sin embargo, lo grave es que en el cuerpo del texto de este ordenamiento descubrimos que el inciso n\u00famero uno define que se considerar\u00e1 responsable de un hecho il\u00edcito \u201cA quien comunique a una o m\u00e1s personas la imputaci\u00f3n que se hace a otra persona f\u00edsica o moral, de un hecho cierto o falso, determinado o indeterminado, que pueda causarle deshonra, descr\u00e9dito, perjuicio, o exponerlo al desprecio de alguien\u201d.<\/p>\n\n\n\n<p>Por tanto, este ordenamiento considera como hecho il\u00edcito la difusi\u00f3n, no s\u00f3lo de hechos falsos, -lo cual es entendible pues esto constituye el delito de difamaci\u00f3n-, sino que este il\u00edcito se configura aunque lo que se difunda sea verdadero y comprobable. S\u00f3lo en M\u00e9xico se castiga la verdad.<\/p>\n\n\n\n<p>Ahora que la\u00a0SCJN\u00a0dio la pauta es necesario que el Poder Legislativo realice una revisi\u00f3n de toda la legislaci\u00f3n relativa a \u201clibertad de expresi\u00f3n\u201d y rectifique aquellos ordenamientos que restrinjan, censuren o penalicen el trabajo period\u00edstico.<\/p>\n\n\n\n<p>Es necesario clarificar la ley a fin de que no existan riesgos de interpretaci\u00f3n que afecten la libertad period\u00edstica.<\/p>\n\n\n\n<p>Sin embargo, ir\u00f3nicamente, este mismo art\u00edculo 1916 en los ordenamientos n\u00fameros dos y tres describe como responsable de un acto il\u00edcito: \u201cII. El que impute a otro un hecho determinado y calificado como delito por la ley, si este hecho es falso, o es inocente la persona a quien se imputa. \u201cIII. El que presente denuncias o querellas calumniosas, entendi\u00e9ndose por tales aquellas en que su autor imputa un delito a persona determinada, sabiendo que \u00e9sta es inocente o que aqu\u00e9l no se ha cometido.\u201d<\/p>\n\n\n\n<p>Lo anterior nos deja claro que cometen este delito polic\u00edas, ministerios p\u00fablicos y jueces que a sabiendas de que la persona es inocente la encarcelan fabricando delitos para extorsionarla.<\/p>\n\n\n\n<p>La interpretaci\u00f3n de estos dos incisos que forman parte del Art\u00edculo 1916 implicar\u00eda que la v\u00edctima encarcelada con argumentos falsos podr\u00eda exigir una compensaci\u00f3n econ\u00f3mica a sus victimarios. Este es un pa\u00eds donde los delitos m\u00e1s graves, -porque se realizan con dolo y al amparo del poder del estado-, son cometidos por funcionarios p\u00fablicos con total impunidad y en muchos casos, en complicidad, lo cual equivale a \u201cdelincuencia organizada\u201d.<\/p>\n\n\n\n<p>Somos un pa\u00eds sobre regulado, donde la ley es violada precisamente por muchos funcionarios responsables de protegerla y hacerla cumplir.<\/p>\n\n\n\n<h4 class=\"wp-block-heading\">MORENA CUANDO PIERDE ARREBATA<\/h4>\n\n\n\n<p>La alcaldesa de la Cuauht\u00e9moc\u00a0Sandra Cuevas, -quien lleg\u00f3 al cargo a trav\u00e9s de un partido opositor de MORENA-, enfrenta acusaciones que generan suspicacias de conflicto frente a la jefa de gobierno de la Ciudad de M\u00e9xico, -porque, aunque no se han sustentado las acusaciones-, esta funcionaria ya fue destituida temporalmente.<\/p>\n\n\n\n<p>Por su parte Mauricio Tabe, alcalde de la Miguel Hidalgo, -tambi\u00e9n representante de un partido opositor a MORENA, denuncia acoso por parte del gobierno de\u00a0Claudia Sheinbaum\u00a0desde que asumieron el cargo.<br>Existe la percepci\u00f3n de fabricaci\u00f3n de delitos en contra de Sandra Cuevas a partir de manipulaci\u00f3n de la narrativa jur\u00eddica. \u00bfQuerr\u00e1n obtener por la v\u00eda jur\u00eddica lo que no obtuvieron en las urnas?&#8230; El tiempo nos lo dir\u00e1.<\/p>\n\n\n\n<h4 class=\"wp-block-heading\">LA NEGACI\u00d3N COMO ACTITUD COTIDIANA<\/h4>\n\n\n\n<p>El presidente\u00a0L\u00f3pez Obrador\u00a0insiste continuamente en que el Estado Mexicano no es quien asesina periodistas, sino la delincuencia. Sin embargo, es una verdad a medias que trata de evadir responsabilidades y justificar la incapacidad gubernamental para pacificar al pa\u00eds y garantizar seguridad para todos los mexicanos, est\u00e9n donde est\u00e9n.<\/p>\n\n\n\n<p>El periodista Armando Linares, director del portal \u201cMonitor Michoac\u00e1n\u201d, -asesinado en el municipio de Zit\u00e1cuaro, Michoac\u00e1n-, en un video difundido por televisi\u00f3n poco despu\u00e9s del homicidio de su colaborador Roberto Toledo, denuncia haber recibido amenazas y las atribuye directamente a las autoridades y deja claro: \u201cseguir\u00e9 denunciando corrupci\u00f3n y a pol\u00edticos corruptos, aunque la vida nos vaya en ello\u201d. Tiempo despu\u00e9s fue ultimado con ocho balas. \u00a1M\u00e1s claro imposible\u00a1.<\/p>\n\n\n\n<p>Tiene raz\u00f3n el presidente al decir que el brazo ejecutor, -quien dispara la bala-, no es el Estado Mexicano. Sin embargo, declaraciones como la de Armando Linares poco antes de ser ejecutado, dejan en claro una verdad incuestionable: autoridades locales a lo largo del pa\u00eds tienen nexos con la delincuencia organizada y se apoyan en sus sicarios para eliminar\u00a0periodistas\u00a0inc\u00f3modos, quedando ellos a salvo de la responsabilidad de la ejecuci\u00f3n.<\/p>\n\n\n\n<p>Es m\u00e1s c\u00f3modo para el presidente evitar responsabilidades para su gobierno, -por su incapacidad de brindar protecci\u00f3n a los mexicanos-, y as\u00ed asumirse \u00e9l como v\u00edctima de un complot de desprestigio no s\u00f3lo nacional, sino internacional, en lugar de investigar con determinaci\u00f3n y deseos de llegar a descubrir la verdad. Con su actitud evasiva deja entrever su aversi\u00f3n hacia los periodistas, aunque de palabra diga otra cosa.<\/p>\n\n\n\n<p>Por otra parte, la Fiscal\u00eda del Estado de Michoac\u00e1n niega que un grupo de sicarios haya llegado al sepelio de Armando Linares para amenazar a los representantes de la prensa que ah\u00ed se encontraban despidiendo a su colega. El argumento de la fiscal\u00eda es que si no hay denuncias directas es porque no sucedi\u00f3 el hecho.<\/p>\n\n\n\n<p>Cobarde actitud para evadir responsabilidades. \u00bfNo entienden que la gente asustada no denuncia?<\/p>\n\n\n\n<p>Me basta con haber sido testigo del testimonio transmitido en vivo por el corresponsal de Milenio TV,\u00a0Edgar Ledesma, -durante el programa de Elisa Alan\u00eds-, minutos despu\u00e9s de este suceso.<\/p>\n\n\n\n<p>\u00bfA usted qu\u00e9 le parece?<em>Facebook: @Ricardo.Homs1<br>Twitter: @homsricardo<br>Linkedin: Ricardo Homs<br><a href=\"http:\/\/www.ricardohoms.com\/\">www.ricardohoms.com<\/a><\/em><\/p>\n","protected":false},"excerpt":{"rendered":"<p>Ricardo Homs La resoluci\u00f3n de la SCJN exonerando al acad\u00e9mico y periodista Sergio Aguayo de pagar los diez millones pesos impuestos por un juez que dio curso a la demanda interpuesta en su contra por el exgobernador\u00a0Humberto Moreira, es un verdadero espaldarazo a la libertad de expresi\u00f3n, que hoy enfrenta graves peligros. Es importante entender [&hellip;]<\/p>\n","protected":false},"author":18,"featured_media":46394,"comment_status":"open","ping_status":"open","sticky":false,"template":"","format":"standard","meta":{"_monsterinsights_skip_tracking":false,"_monsterinsights_sitenote_active":false,"_monsterinsights_sitenote_note":"","_monsterinsights_sitenote_category":0,"footnotes":""},"categories":[246],"tags":[173],"class_list":["post-46390","post","type-post","status-publish","format-standard","has-post-thumbnail","hentry","category-ricardo-homs","tag-ricardo-homs","wp-image-borders"],"amp_enabled":true,"_links":{"self":[{"href":"https:\/\/nvnoticias.mx\/index.php\/wp-json\/wp\/v2\/posts\/46390","targetHints":{"allow":["GET"]}}],"collection":[{"href":"https:\/\/nvnoticias.mx\/index.php\/wp-json\/wp\/v2\/posts"}],"about":[{"href":"https:\/\/nvnoticias.mx\/index.php\/wp-json\/wp\/v2\/types\/post"}],"author":[{"embeddable":true,"href":"https:\/\/nvnoticias.mx\/index.php\/wp-json\/wp\/v2\/users\/18"}],"replies":[{"embeddable":true,"href":"https:\/\/nvnoticias.mx\/index.php\/wp-json\/wp\/v2\/comments?post=46390"}],"version-history":[{"count":1,"href":"https:\/\/nvnoticias.mx\/index.php\/wp-json\/wp\/v2\/posts\/46390\/revisions"}],"predecessor-version":[{"id":46395,"href":"https:\/\/nvnoticias.mx\/index.php\/wp-json\/wp\/v2\/posts\/46390\/revisions\/46395"}],"wp:featuredmedia":[{"embeddable":true,"href":"https:\/\/nvnoticias.mx\/index.php\/wp-json\/wp\/v2\/media\/46394"}],"wp:attachment":[{"href":"https:\/\/nvnoticias.mx\/index.php\/wp-json\/wp\/v2\/media?parent=46390"}],"wp:term":[{"taxonomy":"category","embeddable":true,"href":"https:\/\/nvnoticias.mx\/index.php\/wp-json\/wp\/v2\/categories?post=46390"},{"taxonomy":"post_tag","embeddable":true,"href":"https:\/\/nvnoticias.mx\/index.php\/wp-json\/wp\/v2\/tags?post=46390"}],"curies":[{"name":"wp","href":"https:\/\/api.w.org\/{rel}","templated":true}]}}