{"id":46376,"date":"2022-03-22T12:19:12","date_gmt":"2022-03-22T18:19:12","guid":{"rendered":"https:\/\/nvnoticias.mx\/?p=46376"},"modified":"2022-03-22T12:19:13","modified_gmt":"2022-03-22T18:19:13","slug":"han-fallecido-por-covid-19-al-menos-70-pastores-en-veracruz","status":"publish","type":"post","link":"https:\/\/nvnoticias.mx\/index.php\/2022\/03\/22\/han-fallecido-por-covid-19-al-menos-70-pastores-en-veracruz\/","title":{"rendered":"Han fallecido por covid-19 al menos 70 pastores en Veracruz"},"content":{"rendered":"\n<p><strong>Sam Ojeda\u00a0\/ NV Noticias<\/strong><\/p>\n\n\n\n<p>Xalapa.- Desde el inicio de la pandemia por covid-19 en Veracruz han fallecido al menos 70 pastores de iglesias evang\u00e9licas, se\u00f1al\u00f3 el presidente de la Red Evang\u00e9lica del estado de Veracruz, Guillermo Trujillo.<\/p>\n\n\n\n<p>Dijo que las p\u00e9rdidas fueron muchas, pues a nivel nacional se tiene una estimaci\u00f3n de 2 mil decesos de pastores y ministros de culto en iglesias evang\u00e9licas.\u00a0<\/p>\n\n\n\n<blockquote class=\"wp-block-quote is-layout-flow wp-block-quote-is-layout-flow\"><p>\u201c<em>Lamentablemente perdimos a ministros de culto, pastores 70 pastores en Veracruz y a nivel nacional casi 2 mil ministros. Fue algo muy terrible para las familias<\/em>\u201d.<\/p><\/blockquote>\n\n\n\n<p>Sin embargo, indic\u00f3 que actualmente los casos de contagio por esta enfermedad van a la baja y la afluencia en las iglesias se ha incrementado. \u00a0<\/p>\n\n\n\n<blockquote class=\"wp-block-quote is-layout-flow wp-block-quote-is-layout-flow\"><p>\u201c<em>Los casos covid han bajado de una manera enorme y eso nos da mucho aliento, hemos regresado a las iglesias con m\u00e1s aforo. La gente que estaba en problemas emocionales, depresivos, les est\u00e1n ayudando mucho las iglesias<\/em>\u201d.<\/p><\/blockquote>\n\n\n\n<p>Dijo que las iglesias trabajan de manera normal, pero con todas las medidas sanitarias, con el uso del cubrebocas, entre otras medidas.\u00a0<\/p>\n\n\n\n<blockquote class=\"wp-block-quote is-layout-flow wp-block-quote-is-layout-flow\"><p>\u201c<em>Seguimos con todas las medidas, el uso del cubrebocas, del gel antibacterial, pedimos que si alguien se siente mal no vaya a la iglesia<\/em>\u201d.\u00a0<\/p><\/blockquote>\n","protected":false},"excerpt":{"rendered":"<p>Sam Ojeda\u00a0\/ NV Noticias Xalapa.- Desde el inicio de la pandemia por covid-19 en Veracruz han fallecido al menos 70 pastores de iglesias evang\u00e9licas, se\u00f1al\u00f3 el presidente de la Red Evang\u00e9lica del estado de Veracruz, Guillermo Trujillo. Dijo que las p\u00e9rdidas fueron muchas, pues a nivel nacional se tiene una estimaci\u00f3n de 2 mil decesos [&hellip;]<\/p>\n","protected":false},"author":8,"featured_media":41904,"comment_status":"open","ping_status":"open","sticky":false,"template":"","format":"standard","meta":{"_monsterinsights_skip_tracking":false,"_monsterinsights_sitenote_active":false,"_monsterinsights_sitenote_note":"","_monsterinsights_sitenote_category":0,"footnotes":""},"categories":[156],"tags":[175,12271,180],"class_list":["post-46376","post","type-post","status-publish","format-standard","has-post-thumbnail","hentry","category-estado","tag-covid-19","tag-pastores","tag-veracruz","wp-image-borders"],"amp_enabled":true,"_links":{"self":[{"href":"https:\/\/nvnoticias.mx\/index.php\/wp-json\/wp\/v2\/posts\/46376","targetHints":{"allow":["GET"]}}],"collection":[{"href":"https:\/\/nvnoticias.mx\/index.php\/wp-json\/wp\/v2\/posts"}],"about":[{"href":"https:\/\/nvnoticias.mx\/index.php\/wp-json\/wp\/v2\/types\/post"}],"author":[{"embeddable":true,"href":"https:\/\/nvnoticias.mx\/index.php\/wp-json\/wp\/v2\/users\/8"}],"replies":[{"embeddable":true,"href":"https:\/\/nvnoticias.mx\/index.php\/wp-json\/wp\/v2\/comments?post=46376"}],"version-history":[{"count":1,"href":"https:\/\/nvnoticias.mx\/index.php\/wp-json\/wp\/v2\/posts\/46376\/revisions"}],"predecessor-version":[{"id":46382,"href":"https:\/\/nvnoticias.mx\/index.php\/wp-json\/wp\/v2\/posts\/46376\/revisions\/46382"}],"wp:featuredmedia":[{"embeddable":true,"href":"https:\/\/nvnoticias.mx\/index.php\/wp-json\/wp\/v2\/media\/41904"}],"wp:attachment":[{"href":"https:\/\/nvnoticias.mx\/index.php\/wp-json\/wp\/v2\/media?parent=46376"}],"wp:term":[{"taxonomy":"category","embeddable":true,"href":"https:\/\/nvnoticias.mx\/index.php\/wp-json\/wp\/v2\/categories?post=46376"},{"taxonomy":"post_tag","embeddable":true,"href":"https:\/\/nvnoticias.mx\/index.php\/wp-json\/wp\/v2\/tags?post=46376"}],"curies":[{"name":"wp","href":"https:\/\/api.w.org\/{rel}","templated":true}]}}