{"id":46279,"date":"2022-03-21T13:01:21","date_gmt":"2022-03-21T19:01:21","guid":{"rendered":"https:\/\/nvnoticias.mx\/?p=46279"},"modified":"2022-03-21T13:01:22","modified_gmt":"2022-03-21T19:01:22","slug":"no-incluyen-a-rachel-zegler-de-west-side-story-a-los-oscar","status":"publish","type":"post","link":"https:\/\/nvnoticias.mx\/index.php\/2022\/03\/21\/no-incluyen-a-rachel-zegler-de-west-side-story-a-los-oscar\/","title":{"rendered":"No incluyen a Rachel Zegler de West Side Story a los Oscar"},"content":{"rendered":"\n<p>Rachel Zegler, actriz principal de la pel\u00edcula nominada al Oscar&nbsp;<em>West Side Story<\/em>, no asistir\u00e1 a los Oscar 2022.<\/p>\n\n\n\n<p>El domingo 20 de marzo, la estrella afirm\u00f3 en Instagram que no recibi\u00f3 una invitaci\u00f3n para la ceremonia, que se llevar\u00e1 a cabo el domingo 27 de marzo en Los \u00c1ngeles. <\/p>\n\n\n\n<p>Si bien Rachel no est\u00e1 nominada por su interpretaci\u00f3n de Mar\u00eda en\u00a0<em>West Side Story<\/em>, la nueva versi\u00f3n del amado musical de\u00a0Steven Spielberg\u00a0est\u00e1 nominada a siete premios Oscar, incluido el de Mejor Pel\u00edcula. Muchos fan\u00e1ticos han expresado su consternaci\u00f3n en las redes sociales porque la actriz principal no fue invitada a la ceremonia.<\/p>\n\n\n\n<p>&#8220;No s\u00e9, lo he intentado todo, pero no parece estar sucediendo&#8221;, escribi\u00f3 la estrella de 20 a\u00f1os. &#8220;Apoyar\u00e9\u00a0<em>West Side Story<\/em>\u00a0desde mi sof\u00e1 y estar\u00e9 orgulloso del trabajo que hicimos tan incansablemente hace tres a\u00f1os. Espero que ocurra un milagro de \u00faltimo minuto y pueda celebrar nuestra pel\u00edcula en persona, pero bueno, as\u00ed es como funciona&#8221;. a veces, supongo&#8221;.<\/p>\n\n\n\n<p>M\u00e1s tarde el domingo, Rachel tuite\u00f3: &#8220;\u00a1Dios m\u00edo, amigos! Agradezco todo el apoyo, realmente lo aprecio. Vivimos en tiempos sin precedentes, y se necesita mucho trabajo detr\u00e1s de escena para hacer que la magia del cine suceda. Eso se aplica a las producciones cinematogr\u00e1ficas (como la que tengo tanta suerte de estar filmando actualmente en Londres) y entregas de premios por igual. Respetemos el proceso y dejar\u00e9 mi tel\u00e9fono x R&#8221;.<\/p>\n\n\n\n<p>Los comentarios de Rachel, quien actualmente est\u00e1 filmando la adaptaci\u00f3n de live action de\u00a0<em>Blancanieves<\/em>, llegan un mes despu\u00e9s de que la\u00a0Academia\u00a0anunciara una reducci\u00f3n en la capacidad de asientos para el Dolby Theatre debido a COVID-19. Seg\u00fan\u00a0<em>Variety<\/em>, la organizaci\u00f3n tambi\u00e9n elimin\u00f3 su loter\u00eda anual de boletos en un esfuerzo por limitar la cantidad de asistentes.<\/p>\n\n\n\n<p>Fuente:<a href=\"https:\/\/www.eonline.com\/mx\/news\/1323906\/rachel-zegler-de-west-side-story-dice-que-no-fue-invitada-a-los-oscar\" data-type=\"URL\" data-id=\"https:\/\/www.eonline.com\/mx\/news\/1323906\/rachel-zegler-de-west-side-story-dice-que-no-fue-invitada-a-los-oscar\"> E!<\/a><\/p>\n","protected":false},"excerpt":{"rendered":"<p>Rachel Zegler, actriz principal de la pel\u00edcula nominada al Oscar&nbsp;West Side Story, no asistir\u00e1 a los Oscar 2022. El domingo 20 de marzo, la estrella afirm\u00f3 en Instagram que no recibi\u00f3 una invitaci\u00f3n para la ceremonia, que se llevar\u00e1 a cabo el domingo 27 de marzo en Los \u00c1ngeles. Si bien Rachel no est\u00e1 nominada [&hellip;]<\/p>\n","protected":false},"author":35,"featured_media":46284,"comment_status":"open","ping_status":"open","sticky":false,"template":"","format":"standard","meta":{"_monsterinsights_skip_tracking":false,"_monsterinsights_sitenote_active":false,"_monsterinsights_sitenote_note":"","_monsterinsights_sitenote_category":0,"footnotes":""},"categories":[576],"tags":[11559,4599,12237],"class_list":["post-46279","post","type-post","status-publish","format-standard","has-post-thumbnail","hentry","category-ocio","tag-oscar","tag-rachel-zegler","tag-west-side-story","wp-image-borders"],"amp_enabled":true,"_links":{"self":[{"href":"https:\/\/nvnoticias.mx\/index.php\/wp-json\/wp\/v2\/posts\/46279","targetHints":{"allow":["GET"]}}],"collection":[{"href":"https:\/\/nvnoticias.mx\/index.php\/wp-json\/wp\/v2\/posts"}],"about":[{"href":"https:\/\/nvnoticias.mx\/index.php\/wp-json\/wp\/v2\/types\/post"}],"author":[{"embeddable":true,"href":"https:\/\/nvnoticias.mx\/index.php\/wp-json\/wp\/v2\/users\/35"}],"replies":[{"embeddable":true,"href":"https:\/\/nvnoticias.mx\/index.php\/wp-json\/wp\/v2\/comments?post=46279"}],"version-history":[{"count":1,"href":"https:\/\/nvnoticias.mx\/index.php\/wp-json\/wp\/v2\/posts\/46279\/revisions"}],"predecessor-version":[{"id":46285,"href":"https:\/\/nvnoticias.mx\/index.php\/wp-json\/wp\/v2\/posts\/46279\/revisions\/46285"}],"wp:featuredmedia":[{"embeddable":true,"href":"https:\/\/nvnoticias.mx\/index.php\/wp-json\/wp\/v2\/media\/46284"}],"wp:attachment":[{"href":"https:\/\/nvnoticias.mx\/index.php\/wp-json\/wp\/v2\/media?parent=46279"}],"wp:term":[{"taxonomy":"category","embeddable":true,"href":"https:\/\/nvnoticias.mx\/index.php\/wp-json\/wp\/v2\/categories?post=46279"},{"taxonomy":"post_tag","embeddable":true,"href":"https:\/\/nvnoticias.mx\/index.php\/wp-json\/wp\/v2\/tags?post=46279"}],"curies":[{"name":"wp","href":"https:\/\/api.w.org\/{rel}","templated":true}]}}