{"id":46260,"date":"2022-03-21T12:31:03","date_gmt":"2022-03-21T18:31:03","guid":{"rendered":"https:\/\/nvnoticias.mx\/?p=46260"},"modified":"2022-03-21T12:31:04","modified_gmt":"2022-03-21T18:31:04","slug":"resistencia-civil-quiere-que-gobierno-federal-establezca-tarifa-electrica-del-bienestar","status":"publish","type":"post","link":"https:\/\/nvnoticias.mx\/index.php\/2022\/03\/21\/resistencia-civil-quiere-que-gobierno-federal-establezca-tarifa-electrica-del-bienestar\/","title":{"rendered":"Resistencia civil quiere que gobierno federal establezca tarifa el\u00e9ctrica &#8220;del bienestar&#8221;"},"content":{"rendered":"\n<p><strong>Sam Ojeda\u00a0\/ NV Noticias<\/strong><\/p>\n\n\n\n<p>Xalapa.- El secretario general de Movimiento de Resistencia Civil \u201cLa Leyenda de Chucho el Roto\u201d, Jorge Morales Barradas, pidi\u00f3 a diputado federales instaurar la llamada \u201ctarifa del bienestar\u201d para ajustar las tarifas del servicio de energ\u00eda el\u00e9ctrica.<\/p>\n\n\n\n<p>Dijo que durante una reuni\u00f3n con diputado federales les exigieron que se establezca una tarifa \u00fanica para el uso de este servicio en el hogar, para que se establezca en 80 centavos por kilowatt\/hora consumido.<\/p>\n\n\n\n<blockquote class=\"wp-block-quote is-layout-flow wp-block-quote-is-layout-flow\"><p>\u201c<em>Actualmente son muchas tarifas desde la 1A a la 1F; el primer escal\u00f3n var\u00eda entre 78 a 84 centavos pero el problema es que si consume arriba de los 150 kilowatt se tiene un intermedio, de 1.30 pesos por killowatt y si se consume m\u00e1s puede llegar a ser acreedor de alto consumo que es arriba de 5 pesos por kilowatt<\/em>\u201d.<\/p><\/blockquote>\n\n\n\n<p>Agreg\u00f3 que el problema es que aunque la ley establece que la tarifa considera las temperaturas, estas no han sido modificadas en m\u00e1s de 20 a\u00f1os y eso ha perjudicado a Veracruz.\u00a0<\/p>\n\n\n\n<blockquote class=\"wp-block-quote is-layout-flow wp-block-quote-is-layout-flow\"><p>\u201c<em>Lo que estamos peleando es que se reclasifiquen las tarifas y que el costo que hoy pagamos sea uno que se pueda pagar y no se les incremente este costo<\/em>\u201d, dijo.\u00a0<\/p><\/blockquote>\n\n\n\n<p>A\u00f1adi\u00f3 que durante la reuni\u00f3n con diputados federales, pidieron adem\u00e1s la condonaci\u00f3n de adeudos con la Comisi\u00f3n Federal de Electricidad (CFE) y que la energ\u00eda el\u00e9ctrica sea contemplada como un derecho humano para todas las familias. \u00a0<\/p>\n\n\n\n<blockquote class=\"wp-block-quote is-layout-flow wp-block-quote-is-layout-flow\"><p>\u201c<em>Que tengamos la certeza de que todas las familias en Veracruz puedan pagar la energ\u00eda el\u00e9ctrica a un costo razonable y con una tarifa adecuada<\/em>\u201d.\u00a0<\/p><\/blockquote>\n","protected":false},"excerpt":{"rendered":"<p>Sam Ojeda\u00a0\/ NV Noticias Xalapa.- El secretario general de Movimiento de Resistencia Civil \u201cLa Leyenda de Chucho el Roto\u201d, Jorge Morales Barradas, pidi\u00f3 a diputado federales instaurar la llamada \u201ctarifa del bienestar\u201d para ajustar las tarifas del servicio de energ\u00eda el\u00e9ctrica. Dijo que durante una reuni\u00f3n con diputado federales les exigieron que se establezca una [&hellip;]<\/p>\n","protected":false},"author":8,"featured_media":46268,"comment_status":"open","ping_status":"open","sticky":false,"template":"","format":"standard","meta":{"_monsterinsights_skip_tracking":false,"_monsterinsights_sitenote_active":false,"_monsterinsights_sitenote_note":"","_monsterinsights_sitenote_category":0,"footnotes":""},"categories":[156],"tags":[1900,7173,12228],"class_list":["post-46260","post","type-post","status-publish","format-standard","has-post-thumbnail","hentry","category-estado","tag-gobierno-federal","tag-resistencia-civil","tag-tarifa-electrica","wp-image-borders"],"amp_enabled":true,"_links":{"self":[{"href":"https:\/\/nvnoticias.mx\/index.php\/wp-json\/wp\/v2\/posts\/46260","targetHints":{"allow":["GET"]}}],"collection":[{"href":"https:\/\/nvnoticias.mx\/index.php\/wp-json\/wp\/v2\/posts"}],"about":[{"href":"https:\/\/nvnoticias.mx\/index.php\/wp-json\/wp\/v2\/types\/post"}],"author":[{"embeddable":true,"href":"https:\/\/nvnoticias.mx\/index.php\/wp-json\/wp\/v2\/users\/8"}],"replies":[{"embeddable":true,"href":"https:\/\/nvnoticias.mx\/index.php\/wp-json\/wp\/v2\/comments?post=46260"}],"version-history":[{"count":1,"href":"https:\/\/nvnoticias.mx\/index.php\/wp-json\/wp\/v2\/posts\/46260\/revisions"}],"predecessor-version":[{"id":46269,"href":"https:\/\/nvnoticias.mx\/index.php\/wp-json\/wp\/v2\/posts\/46260\/revisions\/46269"}],"wp:featuredmedia":[{"embeddable":true,"href":"https:\/\/nvnoticias.mx\/index.php\/wp-json\/wp\/v2\/media\/46268"}],"wp:attachment":[{"href":"https:\/\/nvnoticias.mx\/index.php\/wp-json\/wp\/v2\/media?parent=46260"}],"wp:term":[{"taxonomy":"category","embeddable":true,"href":"https:\/\/nvnoticias.mx\/index.php\/wp-json\/wp\/v2\/categories?post=46260"},{"taxonomy":"post_tag","embeddable":true,"href":"https:\/\/nvnoticias.mx\/index.php\/wp-json\/wp\/v2\/tags?post=46260"}],"curies":[{"name":"wp","href":"https:\/\/api.w.org\/{rel}","templated":true}]}}