{"id":46252,"date":"2022-03-21T12:12:28","date_gmt":"2022-03-21T18:12:28","guid":{"rendered":"https:\/\/nvnoticias.mx\/?p=46252"},"modified":"2022-03-21T12:12:30","modified_gmt":"2022-03-21T18:12:30","slug":"fin-de-semana-largo-genero-derrama-economica-en-la-ciudad-de-veracruz","status":"publish","type":"post","link":"https:\/\/nvnoticias.mx\/index.php\/2022\/03\/21\/fin-de-semana-largo-genero-derrama-economica-en-la-ciudad-de-veracruz\/","title":{"rendered":"Fin de semana largo gener\u00f3 derrama econ\u00f3mica en la ciudad de Veracruz"},"content":{"rendered":"\n<p><strong>Jes\u00fas Utrilla \/ NV Noticias<\/strong><\/p>\n\n\n\n<p>El fin de semana largo fue de beneficio para Veracruz afirm\u00f3 la alcaldesa Patricia Lobeira Rodr\u00edguez.<\/p>\n\n\n\n<p>Dijo que se observaron habitaciones hoteleras al 100 por ciento y restaurantes llenos, dentro de lo permitido por las autoridades de salud por el sem\u00e1foro epidemiol\u00f3gico de Covid-19.<\/p>\n\n\n\n<p>Con el flujo tur\u00edstico los prestadores de servicios tuvieron un incremento de 60 por ciento en sus ventas.&nbsp;<\/p>\n\n\n\n<blockquote class=\"wp-block-quote is-layout-flow wp-block-quote-is-layout-flow\"><p>\u201c<em>Disfrutaron de los atractivos de Veracruz, de su oferta hotelera y gastron\u00f3mica; pero tambi\u00e9n de nuestra m\u00fasica, cultura e historia a trav\u00e9s de las diferentes actividades que pusimos a sus disposici\u00f3n en diferentes puntos de la ciudad<\/em>\u201d.\u00a0<\/p><\/blockquote>\n\n\n\n<p>Afirm\u00f3 que estos resultados son un pre\u00e1mbulo de lo que se espera para Semana Santa.&nbsp;<\/p>\n\n\n\n<blockquote class=\"wp-block-quote is-layout-flow wp-block-quote-is-layout-flow\"><p>&#8220;<em>Esperamos much\u00edsima gente en Semana Santa; estamos seguros que vamos a tener una buena afluencia de turistas, que vamos a tener lleno total, el sem\u00e1foro estoy segura que va a mejorar y que vamos a tener una buena derrama econ\u00f3mica, tanto para los hoteleros como los restaurantes y el comercio en general<\/em>\u201d.\u00a0<\/p><\/blockquote>\n\n\n\n<p>Por otro lado se\u00f1al\u00f3 que habr\u00e1 ajuste a la tarifa de recolecci\u00f3n de basura para comercios, sobre todo los de mayor magnitud y que se ubican en el primer cuadro de la ciudad.<\/p>\n\n\n\n<blockquote class=\"wp-block-quote is-layout-flow wp-block-quote-is-layout-flow\"><p>\u201c<em>Se est\u00e1 haciendo un reordenamiento en el tema de la basura, era importante hacer este aumento, como sabemos hay inflaci\u00f3n, hay un aumento en gasolina, en di\u00e9sel y eso afecta la recolecci\u00f3n de basura, es por eso que habr\u00e1 un aumento, que no estaba contemplado a inicio de a\u00f1o pero que se har\u00e1<\/em>\u201d.\u00a0<\/p><\/blockquote>\n","protected":false},"excerpt":{"rendered":"<p>Jes\u00fas Utrilla \/ NV Noticias El fin de semana largo fue de beneficio para Veracruz afirm\u00f3 la alcaldesa Patricia Lobeira Rodr\u00edguez. Dijo que se observaron habitaciones hoteleras al 100 por ciento y restaurantes llenos, dentro de lo permitido por las autoridades de salud por el sem\u00e1foro epidemiol\u00f3gico de Covid-19. Con el flujo tur\u00edstico los prestadores [&hellip;]<\/p>\n","protected":false},"author":8,"featured_media":46255,"comment_status":"open","ping_status":"open","sticky":false,"template":"","format":"standard","meta":{"_monsterinsights_skip_tracking":false,"_monsterinsights_sitenote_active":false,"_monsterinsights_sitenote_note":"","_monsterinsights_sitenote_category":0,"footnotes":""},"categories":[154],"tags":[10940,180],"class_list":["post-46252","post","type-post","status-publish","format-standard","has-post-thumbnail","hentry","category-veracruz","tag-derrama-economica","tag-veracruz","wp-image-borders"],"amp_enabled":true,"_links":{"self":[{"href":"https:\/\/nvnoticias.mx\/index.php\/wp-json\/wp\/v2\/posts\/46252","targetHints":{"allow":["GET"]}}],"collection":[{"href":"https:\/\/nvnoticias.mx\/index.php\/wp-json\/wp\/v2\/posts"}],"about":[{"href":"https:\/\/nvnoticias.mx\/index.php\/wp-json\/wp\/v2\/types\/post"}],"author":[{"embeddable":true,"href":"https:\/\/nvnoticias.mx\/index.php\/wp-json\/wp\/v2\/users\/8"}],"replies":[{"embeddable":true,"href":"https:\/\/nvnoticias.mx\/index.php\/wp-json\/wp\/v2\/comments?post=46252"}],"version-history":[{"count":1,"href":"https:\/\/nvnoticias.mx\/index.php\/wp-json\/wp\/v2\/posts\/46252\/revisions"}],"predecessor-version":[{"id":46258,"href":"https:\/\/nvnoticias.mx\/index.php\/wp-json\/wp\/v2\/posts\/46252\/revisions\/46258"}],"wp:featuredmedia":[{"embeddable":true,"href":"https:\/\/nvnoticias.mx\/index.php\/wp-json\/wp\/v2\/media\/46255"}],"wp:attachment":[{"href":"https:\/\/nvnoticias.mx\/index.php\/wp-json\/wp\/v2\/media?parent=46252"}],"wp:term":[{"taxonomy":"category","embeddable":true,"href":"https:\/\/nvnoticias.mx\/index.php\/wp-json\/wp\/v2\/categories?post=46252"},{"taxonomy":"post_tag","embeddable":true,"href":"https:\/\/nvnoticias.mx\/index.php\/wp-json\/wp\/v2\/tags?post=46252"}],"curies":[{"name":"wp","href":"https:\/\/api.w.org\/{rel}","templated":true}]}}