{"id":46225,"date":"2022-03-21T10:57:57","date_gmt":"2022-03-21T16:57:57","guid":{"rendered":"https:\/\/nvnoticias.mx\/?p=46225"},"modified":"2022-03-21T10:57:57","modified_gmt":"2022-03-21T16:57:57","slug":"detectan-a-120-menores-de-edad-trabajando-en-las-calles","status":"publish","type":"post","link":"https:\/\/nvnoticias.mx\/index.php\/2022\/03\/21\/detectan-a-120-menores-de-edad-trabajando-en-las-calles\/","title":{"rendered":"Detectan a 120 menores de edad trabajando en las calles"},"content":{"rendered":"\n<p><strong>Sam Ojeda\u00a0\/ NV Noticias<\/strong><\/p>\n\n\n\n<p>Xalapa.- Hay alrededor de 120 menores de edad que realizan trabajo en las calles de Xalapa, se\u00f1al\u00f3 la secretaria ejecutiva del Sistema Municipal de Protecci\u00f3n Integral de Ni\u00f1as, Ni\u00f1os y Adolescentes, Mercy P\u00e9rez Ar\u00e9valo.<\/p>\n\n\n\n<p>Dijo que los menores de edad se observan principalmente en los cruceros de la ciudad en donde realizan actividades comerciales en la v\u00eda p\u00fablica, aunque ha disminuido.<\/p>\n\n\n\n<p>Agreg\u00f3 que a lo largo de cuatro a\u00f1os de la administraci\u00f3n trataron a alrededor 300 ni\u00f1os, aunque aclar\u00f3 que no todos en el mismo tiempo.<\/p>\n\n\n\n<blockquote class=\"wp-block-quote is-layout-flow wp-block-quote-is-layout-flow\"><p>\u201c<em>Ahorita est\u00e1n alrededor de cien o 120 que est\u00e1n en los cruceros, los chiapanecos no han llegado o est\u00e1n por llegar<\/em>&#8220;.<\/p><\/blockquote>\n\n\n\n<p>La funcionaria a\u00f1adi\u00f3 que es com\u00fan que durante esta \u00e9poca acudan menores de edad de origen chiapaneco, aunque actualmente su n\u00famero ha disminuido.\u00a0<\/p>\n\n\n\n<blockquote class=\"wp-block-quote is-layout-flow wp-block-quote-is-layout-flow\"><p>&#8220;<em>Los tiempos son muy cambiantes, ahorita durante estos meses no hemos tenido casi la poblaci\u00f3n chiapaneca, que es importante en cuanto al n\u00famero de personas que est\u00e1n en los cruceros y que implican altos riesgos para su seguridad, que es lo que estamos revisando<\/em>\u201d<\/p><\/blockquote>\n\n\n\n<p>Dijo que la estrategia m\u00e1s que de retirar a los ni\u00f1os de las calle, lo que se est\u00e1 promoviendo es la mediaci\u00f3n y trabajo en conjunto con la Procuradur\u00eda Municipal de Defensa del Menor para seguir con estos procesos de restituci\u00f3n de derechos de los peque\u00f1os.<\/p>\n\n\n\n<blockquote class=\"wp-block-quote is-layout-flow wp-block-quote-is-layout-flow\"><p>&#8220;<em>La meta evidentemente es progresar en ese retiro paulatino, siempre y cuando las condiciones sean mejores para ellos, darles seguimiento educativo, creo que es una parte importante que las ni\u00f1as y los ni\u00f1os se encuentren todos o la gran mayor\u00eda en las escuelas<\/em>\u201d.<\/p><\/blockquote>\n","protected":false},"excerpt":{"rendered":"<p>Sam Ojeda\u00a0\/ NV Noticias Xalapa.- Hay alrededor de 120 menores de edad que realizan trabajo en las calles de Xalapa, se\u00f1al\u00f3 la secretaria ejecutiva del Sistema Municipal de Protecci\u00f3n Integral de Ni\u00f1as, Ni\u00f1os y Adolescentes, Mercy P\u00e9rez Ar\u00e9valo. Dijo que los menores de edad se observan principalmente en los cruceros de la ciudad en donde [&hellip;]<\/p>\n","protected":false},"author":8,"featured_media":46228,"comment_status":"open","ping_status":"open","sticky":false,"template":"","format":"standard","meta":{"_monsterinsights_skip_tracking":false,"_monsterinsights_sitenote_active":false,"_monsterinsights_sitenote_note":"","_monsterinsights_sitenote_category":0,"footnotes":""},"categories":[156],"tags":[1266,880,449,312],"class_list":["post-46225","post","type-post","status-publish","format-standard","has-post-thumbnail","hentry","category-estado","tag-calles","tag-menores-de-edad","tag-trabajo","tag-xalapa","wp-image-borders"],"amp_enabled":true,"_links":{"self":[{"href":"https:\/\/nvnoticias.mx\/index.php\/wp-json\/wp\/v2\/posts\/46225","targetHints":{"allow":["GET"]}}],"collection":[{"href":"https:\/\/nvnoticias.mx\/index.php\/wp-json\/wp\/v2\/posts"}],"about":[{"href":"https:\/\/nvnoticias.mx\/index.php\/wp-json\/wp\/v2\/types\/post"}],"author":[{"embeddable":true,"href":"https:\/\/nvnoticias.mx\/index.php\/wp-json\/wp\/v2\/users\/8"}],"replies":[{"embeddable":true,"href":"https:\/\/nvnoticias.mx\/index.php\/wp-json\/wp\/v2\/comments?post=46225"}],"version-history":[{"count":1,"href":"https:\/\/nvnoticias.mx\/index.php\/wp-json\/wp\/v2\/posts\/46225\/revisions"}],"predecessor-version":[{"id":46230,"href":"https:\/\/nvnoticias.mx\/index.php\/wp-json\/wp\/v2\/posts\/46225\/revisions\/46230"}],"wp:featuredmedia":[{"embeddable":true,"href":"https:\/\/nvnoticias.mx\/index.php\/wp-json\/wp\/v2\/media\/46228"}],"wp:attachment":[{"href":"https:\/\/nvnoticias.mx\/index.php\/wp-json\/wp\/v2\/media?parent=46225"}],"wp:term":[{"taxonomy":"category","embeddable":true,"href":"https:\/\/nvnoticias.mx\/index.php\/wp-json\/wp\/v2\/categories?post=46225"},{"taxonomy":"post_tag","embeddable":true,"href":"https:\/\/nvnoticias.mx\/index.php\/wp-json\/wp\/v2\/tags?post=46225"}],"curies":[{"name":"wp","href":"https:\/\/api.w.org\/{rel}","templated":true}]}}