{"id":46219,"date":"2022-03-21T10:46:31","date_gmt":"2022-03-21T16:46:31","guid":{"rendered":"https:\/\/nvnoticias.mx\/?p=46219"},"modified":"2022-03-21T10:46:32","modified_gmt":"2022-03-21T16:46:32","slug":"madre-pide-auxilio-para-su-hijo-sordo-y-con-trastorno-del-espectro-autista","status":"publish","type":"post","link":"https:\/\/nvnoticias.mx\/index.php\/2022\/03\/21\/madre-pide-auxilio-para-su-hijo-sordo-y-con-trastorno-del-espectro-autista\/","title":{"rendered":"Madre pide auxilio para su hijo sordo y con trastorno del espectro autista"},"content":{"rendered":"\n<p><strong>Sam Ojeda\u00a0\/ NV Noticias<\/strong><\/p>\n\n\n\n<p>Xalapa.- Desde hace cuatro a\u00f1os, Sa\u00fal Fernando de 5 a\u00f1os y ocho meses de edad est\u00e1 en espera de recibir un implante coclear que le permitir\u00eda escuchar; sin embargo, en el Centro de Alta Especialidad \u201cDoctor Rafael Lucio\u201d se lo han negado en varias ocasiones porque adem\u00e1s desarroll\u00f3 un trastorno del espectro autista.<\/p>\n\n\n\n<p>\u00a0Su madre, Susana Altamirano Balderas, pidi\u00f3 apoyo a las autoridades estatales para que atiendan su caso dado que durante a\u00f1os le han dicho que como su hijo no tiene \u201cbuenas opciones\u201d de mejorar, no le donan el implante. \u00a0<\/p>\n\n\n\n<blockquote class=\"wp-block-quote is-layout-flow wp-block-quote-is-layout-flow\"><p>\u201c<em>Suplico a quien se apiade de nosotros para que pueda tener un implante coclear; mi hijo se qued\u00f3 sordo cuando ten\u00eda un a\u00f1o y desde entonces hemos luchado por conseguir un implante coclear, fuimos al CAE porque ah\u00ed se lleva a cabo el programa, pero la encargada del programa nos hizo saber que mi hijo ten\u00eda una doble condici\u00f3n, ya que no actuaba como un sordo puro y desarroll\u00f3 trastorno del espectro autista. Ha sido rechazado desde 2017 de todos los programas de implante coclear<\/em>\u201d.\u00a0<\/p><\/blockquote>\n\n\n\n<p>La mujer narr\u00f3 que ha tenido que renunciar a su seguro social \u2014a pesar de haber tenido c\u00e1ncer de tiroides\u2014 para que aceptaran a su hijo, y a\u00fan as\u00ed en el CAE le siguen negando la atenci\u00f3n. \u00a0<\/p>\n\n\n\n<p>Narr\u00f3 que uno de los requisitos es que el ni\u00f1o desarrolle el lenguaje, pero su hijo no habla y no escucha nada; adem\u00e1s, los auxiliares auditivos que don\u00f3 el DIF no le est\u00e1n dando la ganancia para su avance.\u00a0<\/p>\n\n\n\n<blockquote class=\"wp-block-quote is-layout-flow wp-block-quote-is-layout-flow\"><p>\u201c<em>Los especialistas nos han dicho que el implante coclear est\u00e1 altamente recomendado para la condici\u00f3n de mi hijo. En el CAE nos han rechazado una y otra vez, ellos argumentan que el Gobierno del estado donan estos implantes a quienes tienen mejor posibilidad de aprovecharlo porque es car\u00edsimo<\/em>\u201d.<\/p><\/blockquote>\n\n\n\n<p>Record\u00f3 que un implante coclear tiene un costo de 650 mil pesos y que para ella que trabaja en el sector privado con un sueldo moderado es imposible conseguir por la v\u00eda privada este implante.<\/p>\n\n\n\n<blockquote class=\"wp-block-quote is-layout-flow wp-block-quote-is-layout-flow\"><p>\u201c<em>Llevamos en lista de espera 4 a\u00f1os en el CAE. Tal vez con el implante no hablar\u00eda, pero s\u00ed escuchar\u00eda, por eso quiero que me respondan por qu\u00e9 la discriminaci\u00f3n hacia ni\u00f1os que tienen doble condici\u00f3n<\/em>\u201d.\u00a0<\/p><\/blockquote>\n","protected":false},"excerpt":{"rendered":"<p>Sam Ojeda\u00a0\/ NV Noticias Xalapa.- Desde hace cuatro a\u00f1os, Sa\u00fal Fernando de 5 a\u00f1os y ocho meses de edad est\u00e1 en espera de recibir un implante coclear que le permitir\u00eda escuchar; sin embargo, en el Centro de Alta Especialidad \u201cDoctor Rafael Lucio\u201d se lo han negado en varias ocasiones porque adem\u00e1s desarroll\u00f3 un trastorno del [&hellip;]<\/p>\n","protected":false},"author":8,"featured_media":46223,"comment_status":"open","ping_status":"open","sticky":false,"template":"","format":"standard","meta":{"_monsterinsights_skip_tracking":false,"_monsterinsights_sitenote_active":false,"_monsterinsights_sitenote_note":"","_monsterinsights_sitenote_category":0,"footnotes":""},"categories":[156],"tags":[12209,12208,3331],"class_list":["post-46219","post","type-post","status-publish","format-standard","has-post-thumbnail","hentry","category-estado","tag-espectro-autista","tag-implante-coclear","tag-trastorno","wp-image-borders"],"amp_enabled":true,"_links":{"self":[{"href":"https:\/\/nvnoticias.mx\/index.php\/wp-json\/wp\/v2\/posts\/46219","targetHints":{"allow":["GET"]}}],"collection":[{"href":"https:\/\/nvnoticias.mx\/index.php\/wp-json\/wp\/v2\/posts"}],"about":[{"href":"https:\/\/nvnoticias.mx\/index.php\/wp-json\/wp\/v2\/types\/post"}],"author":[{"embeddable":true,"href":"https:\/\/nvnoticias.mx\/index.php\/wp-json\/wp\/v2\/users\/8"}],"replies":[{"embeddable":true,"href":"https:\/\/nvnoticias.mx\/index.php\/wp-json\/wp\/v2\/comments?post=46219"}],"version-history":[{"count":1,"href":"https:\/\/nvnoticias.mx\/index.php\/wp-json\/wp\/v2\/posts\/46219\/revisions"}],"predecessor-version":[{"id":46224,"href":"https:\/\/nvnoticias.mx\/index.php\/wp-json\/wp\/v2\/posts\/46219\/revisions\/46224"}],"wp:featuredmedia":[{"embeddable":true,"href":"https:\/\/nvnoticias.mx\/index.php\/wp-json\/wp\/v2\/media\/46223"}],"wp:attachment":[{"href":"https:\/\/nvnoticias.mx\/index.php\/wp-json\/wp\/v2\/media?parent=46219"}],"wp:term":[{"taxonomy":"category","embeddable":true,"href":"https:\/\/nvnoticias.mx\/index.php\/wp-json\/wp\/v2\/categories?post=46219"},{"taxonomy":"post_tag","embeddable":true,"href":"https:\/\/nvnoticias.mx\/index.php\/wp-json\/wp\/v2\/tags?post=46219"}],"curies":[{"name":"wp","href":"https:\/\/api.w.org\/{rel}","templated":true}]}}