{"id":46106,"date":"2022-03-20T14:58:37","date_gmt":"2022-03-20T20:58:37","guid":{"rendered":"https:\/\/nvnoticias.mx\/?p=46106"},"modified":"2022-03-20T14:58:37","modified_gmt":"2022-03-20T20:58:37","slug":"en-dos-meses-ssp-ha-impulsado-acciones-en-materia-de-inclusion-social","status":"publish","type":"post","link":"https:\/\/nvnoticias.mx\/index.php\/2022\/03\/20\/en-dos-meses-ssp-ha-impulsado-acciones-en-materia-de-inclusion-social\/","title":{"rendered":"En dos meses, SSP ha impulsado acciones en materia de inclusi\u00f3n social"},"content":{"rendered":"\n<p>M\u00e1s de 400 servidores y servidoras de la Secretar\u00eda de Seguridad P\u00fablica (SSP) se han capacitado en atenci\u00f3n y asesor\u00eda para la impartici\u00f3n de justicia a personas con discapacidad.<\/p>\n\n\n\n<p>De enero a la fecha, con el objetivo de impulsar acciones integrales en materia de inclusi\u00f3n social, impartieron los temas de \u201cProtocolo de Actuaci\u00f3n Policial para la Atenci\u00f3n de las Personas con Discapacidad en calidad de V\u00edctimas o Detenidos, Acceso a la Justicia, Igualdad ante la Ley, Factor de Riesgo de Marginaci\u00f3n y Exclusi\u00f3n\u201d a servidores y servidoras p\u00fablicas de la Fiscal\u00eda General del Estado, Polic\u00eda Ministerial, Polic\u00edas Municipales de Coatzacoalcos y Acajete, de la Comisi\u00f3n Estatal de Derechos Humanos y personal de la Secretar\u00eda de Educaci\u00f3n de Veracruz, Subsecretar\u00eda de Educaci\u00f3n Media Superior y Superior (SEMSyS) TEBAEV, zona Coscomatepec y C\u00f3rdoba. <\/p>\n\n\n\n<p>Buscando capacitar y sensibilizar al personal operativo, para que en todo momento se respeten los derechos de las personas con discapacidad, brindando un trato no discriminatorio y garantizando que no se ejecuten actos que afecten sus derechos ni su dignidad atendiendo un total de 462 personas. <\/p>\n\n\n\n<p>Con estas acciones la Secretar\u00eda de Seguridad P\u00fablica, a trav\u00e9s de la Direcci\u00f3n General de Vinculaci\u00f3n Institucional, construye una cultura de respeto a los derechos de las personas con discapacidad.<\/p>\n","protected":false},"excerpt":{"rendered":"<p>M\u00e1s de 400 servidores y servidoras de la Secretar\u00eda de Seguridad P\u00fablica (SSP) se han capacitado en atenci\u00f3n y asesor\u00eda para la impartici\u00f3n de justicia a personas con discapacidad. De enero a la fecha, con el objetivo de impulsar acciones integrales en materia de inclusi\u00f3n social, impartieron los temas de \u201cProtocolo de Actuaci\u00f3n Policial para [&hellip;]<\/p>\n","protected":false},"author":7,"featured_media":46107,"comment_status":"open","ping_status":"open","sticky":false,"template":"","format":"standard","meta":{"_monsterinsights_skip_tracking":false,"_monsterinsights_sitenote_active":false,"_monsterinsights_sitenote_note":"","_monsterinsights_sitenote_category":0,"footnotes":""},"categories":[156],"tags":[12155,662,548],"class_list":["post-46106","post","type-post","status-publish","format-standard","has-post-thumbnail","hentry","category-estado","tag-inclusion-social","tag-secretaria-de-seguridad-publica","tag-ssp","wp-image-borders"],"amp_enabled":true,"_links":{"self":[{"href":"https:\/\/nvnoticias.mx\/index.php\/wp-json\/wp\/v2\/posts\/46106","targetHints":{"allow":["GET"]}}],"collection":[{"href":"https:\/\/nvnoticias.mx\/index.php\/wp-json\/wp\/v2\/posts"}],"about":[{"href":"https:\/\/nvnoticias.mx\/index.php\/wp-json\/wp\/v2\/types\/post"}],"author":[{"embeddable":true,"href":"https:\/\/nvnoticias.mx\/index.php\/wp-json\/wp\/v2\/users\/7"}],"replies":[{"embeddable":true,"href":"https:\/\/nvnoticias.mx\/index.php\/wp-json\/wp\/v2\/comments?post=46106"}],"version-history":[{"count":1,"href":"https:\/\/nvnoticias.mx\/index.php\/wp-json\/wp\/v2\/posts\/46106\/revisions"}],"predecessor-version":[{"id":46108,"href":"https:\/\/nvnoticias.mx\/index.php\/wp-json\/wp\/v2\/posts\/46106\/revisions\/46108"}],"wp:featuredmedia":[{"embeddable":true,"href":"https:\/\/nvnoticias.mx\/index.php\/wp-json\/wp\/v2\/media\/46107"}],"wp:attachment":[{"href":"https:\/\/nvnoticias.mx\/index.php\/wp-json\/wp\/v2\/media?parent=46106"}],"wp:term":[{"taxonomy":"category","embeddable":true,"href":"https:\/\/nvnoticias.mx\/index.php\/wp-json\/wp\/v2\/categories?post=46106"},{"taxonomy":"post_tag","embeddable":true,"href":"https:\/\/nvnoticias.mx\/index.php\/wp-json\/wp\/v2\/tags?post=46106"}],"curies":[{"name":"wp","href":"https:\/\/api.w.org\/{rel}","templated":true}]}}