{"id":46032,"date":"2022-03-19T11:09:54","date_gmt":"2022-03-19T17:09:54","guid":{"rendered":"https:\/\/nvnoticias.mx\/?p=46032"},"modified":"2022-03-19T11:09:54","modified_gmt":"2022-03-19T17:09:54","slug":"rehabilitan-ayuntamiento-y-empresariado-unidades-de-seguridad","status":"publish","type":"post","link":"https:\/\/nvnoticias.mx\/index.php\/2022\/03\/19\/rehabilitan-ayuntamiento-y-empresariado-unidades-de-seguridad\/","title":{"rendered":"Rehabilitan Ayuntamiento y empresariado unidades de seguridad"},"content":{"rendered":"\n<p>Xalapa, Ver.- Para seguir avanzando en la mejora de la seguridad en el territorio municipal, el Consejo Empresarial Metropolitano ratific\u00f3 su compromiso con la ciudad y colabor\u00f3 en la rehabilitaci\u00f3n de m\u00e1s de 40 unidades de la Polic\u00eda.<\/p>\n\n\n\n<p>El presidente municipal Ricardo Ahued Bardahuil detall\u00f3 que algunas de estas unidades se encontraban con fallas menores, mientras que otras requirieron de una intervenci\u00f3n m\u00e1s completa.<br>En nombre de los integrantes del Cabildo agradeci\u00f3 y reconoci\u00f3 al empresariado que particip\u00f3 en esta acci\u00f3n, as\u00ed como al director de Seguridad Ciudadana y Tr\u00e1nsito Municipal, Miguel Valdez Ram\u00edrez, por el extraordinario trabajo desempe\u00f1ado al frente de la Polic\u00eda Municipal, donde el cambio es evidente y existe un impacto positivo en la confianza ciudadana.<\/p>\n\n\n\n<p>El regidor Daniel Fern\u00e1ndez Carri\u00f3n se sum\u00f3 al agradecimiento al Consejo y destac\u00f3 el compromiso social demostrado en beneficio de las y los xalape\u00f1os.<\/p>\n\n\n\n<p>De acuerdo con la regidora Martha Valentina Dom\u00ednguez V\u00e1squez, para el municipio es importante tener como aliados a ciudadanos comprometidos como los empresarios que siempre est\u00e1n presentes para apoyar todas las necesidades de la ciudadan\u00eda.<\/p>\n\n\n\n<p>Los regidores An\u00edbal Pacheco L\u00f3pez y Mart\u00edn Victoriano Espinoza Rold\u00e1n manifestaron que la coordinaci\u00f3n y buena relaci\u00f3n que existe con la iniciativa privada se refleja en acciones como \u00e9sta, lo que generan confianza para la llegada de inversiones y el fortalecimiento del turismo.<\/p>\n\n\n\n<p>Asistieron el secretario del Ayuntamiento Ram\u00f3n Antonio Ramos Niembro; la regidora Mar\u00eda Guadalupe M\u00e1rquez Leonardo; los regidores Antonio Ballesteros Grayeb, Diego David Florescano P\u00e9rez y Alfonso Marcos Garc\u00eda Castillo; el director de Seguridad Ciudadana y Tr\u00e1nsito Municipal, Miguel Valdez Ram\u00edrez, el presidente del Consejo Empresarial Metropolitano, Octavio Augusto Jim\u00e9nez Silva; empresariado y funcionarios municipales.<\/p>\n","protected":false},"excerpt":{"rendered":"<p>Xalapa, Ver.- Para seguir avanzando en la mejora de la seguridad en el territorio municipal, el Consejo Empresarial Metropolitano ratific\u00f3 su compromiso con la ciudad y colabor\u00f3 en la rehabilitaci\u00f3n de m\u00e1s de 40 unidades de la Polic\u00eda. El presidente municipal Ricardo Ahued Bardahuil detall\u00f3 que algunas de estas unidades se encontraban con fallas menores, [&hellip;]<\/p>\n","protected":false},"author":35,"featured_media":46033,"comment_status":"open","ping_status":"open","sticky":false,"template":"","format":"standard","meta":{"_monsterinsights_skip_tracking":false,"_monsterinsights_sitenote_active":false,"_monsterinsights_sitenote_note":"","_monsterinsights_sitenote_category":0,"footnotes":""},"categories":[156],"tags":[366,12112,12111,805,7962],"class_list":["post-46032","post","type-post","status-publish","format-standard","has-post-thumbnail","hentry","category-estado","tag-ayuntamiento","tag-empresariado","tag-rehabilitan","tag-seguridad","tag-unidades","wp-image-borders"],"amp_enabled":true,"_links":{"self":[{"href":"https:\/\/nvnoticias.mx\/index.php\/wp-json\/wp\/v2\/posts\/46032","targetHints":{"allow":["GET"]}}],"collection":[{"href":"https:\/\/nvnoticias.mx\/index.php\/wp-json\/wp\/v2\/posts"}],"about":[{"href":"https:\/\/nvnoticias.mx\/index.php\/wp-json\/wp\/v2\/types\/post"}],"author":[{"embeddable":true,"href":"https:\/\/nvnoticias.mx\/index.php\/wp-json\/wp\/v2\/users\/35"}],"replies":[{"embeddable":true,"href":"https:\/\/nvnoticias.mx\/index.php\/wp-json\/wp\/v2\/comments?post=46032"}],"version-history":[{"count":2,"href":"https:\/\/nvnoticias.mx\/index.php\/wp-json\/wp\/v2\/posts\/46032\/revisions"}],"predecessor-version":[{"id":46035,"href":"https:\/\/nvnoticias.mx\/index.php\/wp-json\/wp\/v2\/posts\/46032\/revisions\/46035"}],"wp:featuredmedia":[{"embeddable":true,"href":"https:\/\/nvnoticias.mx\/index.php\/wp-json\/wp\/v2\/media\/46033"}],"wp:attachment":[{"href":"https:\/\/nvnoticias.mx\/index.php\/wp-json\/wp\/v2\/media?parent=46032"}],"wp:term":[{"taxonomy":"category","embeddable":true,"href":"https:\/\/nvnoticias.mx\/index.php\/wp-json\/wp\/v2\/categories?post=46032"},{"taxonomy":"post_tag","embeddable":true,"href":"https:\/\/nvnoticias.mx\/index.php\/wp-json\/wp\/v2\/tags?post=46032"}],"curies":[{"name":"wp","href":"https:\/\/api.w.org\/{rel}","templated":true}]}}