{"id":45970,"date":"2022-03-19T09:19:49","date_gmt":"2022-03-19T15:19:49","guid":{"rendered":"https:\/\/nvnoticias.mx\/?p=45970"},"modified":"2022-03-19T09:19:51","modified_gmt":"2022-03-19T15:19:51","slug":"regresan-las-noches-de-museo-en-el-museo-naval-mexico","status":"publish","type":"post","link":"https:\/\/nvnoticias.mx\/index.php\/2022\/03\/19\/regresan-las-noches-de-museo-en-el-museo-naval-mexico\/","title":{"rendered":"Regresan las noches de museo en el Museo Naval M\u00e9xico"},"content":{"rendered":"\n<p>La Secretar\u00eda de Marina &#8211; Armada de M\u00e9xico, a trav\u00e9s de la Primera Regi\u00f3n Naval, hace una cordial invitaci\u00f3n al p\u00fablico en general para que asista\u00a0 a la primera edici\u00f3n del a\u00f1o del programa cultural \u201cNoche de Museo\u201d que se llevar\u00e1 a cabo el pr\u00f3ximo 26 de marzo a partir de las 17:00 horas en las instalaciones del Museo Naval M\u00e9xico, ubicado en la calle Mariano Arista n\u00famero 418, colonia Centro de esta ciudad y puerto. \u00a0<\/p>\n\n\n\n<p> Cabe recordar que el puerto de Veracruz fue el escenario de acontecimientos hist\u00f3ricos importantes, tales como el del 24 de marzo de 1847, donde los buques norteamericanos atacaron a la ciudad y fortaleza de San Juan de Ul\u00faa por la negativa de las autoridades civiles y militares a rendirse. <\/p>\n\n\n\n<p>Durante el bombardeo, destaca por su valent\u00eda el teniente de Marina Sebasti\u00e1n Holzinger quien responde la ofensiva y defiende el puerto de Veracruz del ataque estadounidense, en el Baluarte de Santa B\u00e1rbara. Durante la refriega se rompi\u00f3 la driza de la bandera en dos ocasiones, lo que hizo que esta cayera en el piso, el Teniente Holzinger en medio de la lluvia de proyectiles recogi\u00f3 la bandera y volvi\u00f3 a colocarla en su lugar las dos veces en que cay\u00f3, mostrando su heroicidad y valent\u00eda.<\/p>\n\n\n\n<p> Durante este evento cultural, los visitantes podr\u00e1n apreciar un \u201cRetrato de Jos\u00e9 Sebasti\u00e1n Holzinger XXI\u201d del pintor Carmen Chami, en honor a tan celebre marino, en la sala de \u201cIntervenciones\u201d.<\/p>\n\n\n\n<p> En su recorrido por el museo conocer\u00e1n un reloj de chimenea escultural franc\u00e9s estilo Luis XVI, perteneciente a la sala del \u201cPorfiriato\u201d, hecho de materiales de bronce dorado, porcelana y una esfera de esmalte firmado por Clermont, relojer\u00eda francesa, con n\u00fameros romanos, a\u00fan con su estado original, decorada con el estilo Rocaille.\u00a0<\/p>\n\n\n\n<p>Sus formas son inspiradas en la frondosidad de la naturaleza y en los movimientos curvil\u00edneos y sinuosos de la vegetaci\u00f3n, \u00e1ngeles y la delicadeza de las ornamentaciones de la \u00e9poca. Es en esa sala donde los visitantes podr\u00e1n conocer la influencia extranjera \u00a0que hubo en esta \u00e9poca para el desarrollo nacional que insert\u00f3 a M\u00e9xico y la Marina nacional en la modernizaci\u00f3n. <\/p>\n","protected":false},"excerpt":{"rendered":"<p>La Secretar\u00eda de Marina &#8211; Armada de M\u00e9xico, a trav\u00e9s de la Primera Regi\u00f3n Naval, hace una cordial invitaci\u00f3n al p\u00fablico en general para que asista\u00a0 a la primera edici\u00f3n del a\u00f1o del programa cultural \u201cNoche de Museo\u201d que se llevar\u00e1 a cabo el pr\u00f3ximo 26 de marzo a partir de las 17:00 horas en [&hellip;]<\/p>\n","protected":false},"author":35,"featured_media":45973,"comment_status":"open","ping_status":"open","sticky":false,"template":"","format":"standard","meta":{"_monsterinsights_skip_tracking":false,"_monsterinsights_sitenote_active":false,"_monsterinsights_sitenote_note":"","_monsterinsights_sitenote_category":0,"footnotes":""},"categories":[154],"tags":[12096,12095,11371],"class_list":["post-45970","post","type-post","status-publish","format-standard","has-post-thumbnail","hentry","category-veracruz","tag-museo-naval-mexico","tag-noches","tag-regresan","wp-image-borders"],"amp_enabled":true,"_links":{"self":[{"href":"https:\/\/nvnoticias.mx\/index.php\/wp-json\/wp\/v2\/posts\/45970","targetHints":{"allow":["GET"]}}],"collection":[{"href":"https:\/\/nvnoticias.mx\/index.php\/wp-json\/wp\/v2\/posts"}],"about":[{"href":"https:\/\/nvnoticias.mx\/index.php\/wp-json\/wp\/v2\/types\/post"}],"author":[{"embeddable":true,"href":"https:\/\/nvnoticias.mx\/index.php\/wp-json\/wp\/v2\/users\/35"}],"replies":[{"embeddable":true,"href":"https:\/\/nvnoticias.mx\/index.php\/wp-json\/wp\/v2\/comments?post=45970"}],"version-history":[{"count":2,"href":"https:\/\/nvnoticias.mx\/index.php\/wp-json\/wp\/v2\/posts\/45970\/revisions"}],"predecessor-version":[{"id":45972,"href":"https:\/\/nvnoticias.mx\/index.php\/wp-json\/wp\/v2\/posts\/45970\/revisions\/45972"}],"wp:featuredmedia":[{"embeddable":true,"href":"https:\/\/nvnoticias.mx\/index.php\/wp-json\/wp\/v2\/media\/45973"}],"wp:attachment":[{"href":"https:\/\/nvnoticias.mx\/index.php\/wp-json\/wp\/v2\/media?parent=45970"}],"wp:term":[{"taxonomy":"category","embeddable":true,"href":"https:\/\/nvnoticias.mx\/index.php\/wp-json\/wp\/v2\/categories?post=45970"},{"taxonomy":"post_tag","embeddable":true,"href":"https:\/\/nvnoticias.mx\/index.php\/wp-json\/wp\/v2\/tags?post=45970"}],"curies":[{"name":"wp","href":"https:\/\/api.w.org\/{rel}","templated":true}]}}