{"id":45961,"date":"2022-03-18T16:10:16","date_gmt":"2022-03-18T22:10:16","guid":{"rendered":"https:\/\/nvnoticias.mx\/?p=45961"},"modified":"2022-03-18T16:10:18","modified_gmt":"2022-03-18T22:10:18","slug":"ayuntamiento-y-sindicatos-trabajan-en-equipo-en-favor-de-la-ciudadania-ricardo-ahued","status":"publish","type":"post","link":"https:\/\/nvnoticias.mx\/index.php\/2022\/03\/18\/ayuntamiento-y-sindicatos-trabajan-en-equipo-en-favor-de-la-ciudadania-ricardo-ahued\/","title":{"rendered":"Ayuntamiento y sindicatos trabajan en equipo en favor de la ciudadan\u00eda: Ricardo Ahued"},"content":{"rendered":"\n<p>*Xalapa es ejemplo de conciliaci\u00f3n entre autoridad y fuerza laboral<\/p>\n\n\n\n<p>Xalapa, Ver.- Como muestra de un trabajo intenso para consolidar una administraci\u00f3n p\u00fablica limpia, transparente y de eficiente atenci\u00f3n a la sociedad, el Ayuntamiento y sindicatos forman un equipo en favor de todas las acciones que demanda la poblaci\u00f3n, afirm\u00f3 el presidente municipal Ricardo Ahued Bardahuil.<\/p>\n\n\n\n<p>Despu\u00e9s de la firma del acuerdo, en la comida tradicional con l\u00edderes sindicales adheridos a la Confederaci\u00f3n Revolucionaria de Obreros y Campesinos (CROC), agradeci\u00f3 la paciencia de estas organizaciones para negociar el incremento salarial y las condiciones generales de trabajo dentro del contrato colectivo de los trabajadores al servicio del Ayuntamiento.<\/p>\n\n\n\n<figure class=\"wp-block-image size-large\"><img loading=\"lazy\" decoding=\"async\" width=\"1024\" height=\"683\" src=\"https:\/\/nvnoticias.mx\/wp-content\/uploads\/2022\/03\/WhatsApp-Image-2022-03-18-at-3.54.21-PM-1024x683.jpeg\" alt=\"\" class=\"wp-image-45962\" srcset=\"https:\/\/nvnoticias.mx\/wp-content\/uploads\/2022\/03\/WhatsApp-Image-2022-03-18-at-3.54.21-PM-1024x683.jpeg 1024w, https:\/\/nvnoticias.mx\/wp-content\/uploads\/2022\/03\/WhatsApp-Image-2022-03-18-at-3.54.21-PM-300x200.jpeg 300w, https:\/\/nvnoticias.mx\/wp-content\/uploads\/2022\/03\/WhatsApp-Image-2022-03-18-at-3.54.21-PM-768x512.jpeg 768w, https:\/\/nvnoticias.mx\/wp-content\/uploads\/2022\/03\/WhatsApp-Image-2022-03-18-at-3.54.21-PM.jpeg 1531w\" sizes=\"auto, (max-width: 1024px) 100vw, 1024px\" \/><\/figure>\n\n\n\n<p>Dijo que este ajuste en favor del sueldo de los empleados de base, representa 4.2 millones de pesos mensuales adicionales al presupuesto, lo que significa un reto y una responsabilidad que obliga a tener disciplina al interior de la administraci\u00f3n.<\/p>\n\n\n\n<p>Adem\u00e1s, reconoci\u00f3 a los integrantes del Cabildo por mostrarse conscientes durante este proceso de negociaci\u00f3n para lograr acuerdos en favor de los derechos de las y los trabajadores: \u201cSepan que estamos en favor de ustedes\u201d.<\/p>\n\n\n\n<p>El secretario general del Sindicato de Trabajadores al Servicio del H. Ayuntamiento de Xalapa, Rolando Ortega Salazar, hizo extensivo el reconocimiento que hiciera el Tribunal de Conciliaci\u00f3n y Arbitraje a la administraci\u00f3n por haber acordado un incremento salarial ejemplar.<\/p>\n\n\n\n<p>Adem\u00e1s, agradeci\u00f3 la calidad humana y la sensibilidad pol\u00edtica mostrada por las autoridades durante el proceso de negociaciones.<\/p>\n\n\n\n<p>El regidor Carlos Rugerio Mart\u00ednez felicit\u00f3 la lucha y el esfuerzo que a diario demuestran las y los trabajadores del Ayuntamiento, \u201cas\u00ed como ustedes, en el Cabildo tambi\u00e9n tenemos mucho amor por Xalapa, y todos los d\u00edas trabajamos por hacer de este municipio un mejor lugar para vivir\u201d.<\/p>\n\n\n\n<p>Asistieron la s\u00edndica \u00fanica Cecilia Coronel Brizio; la regidora Mar\u00eda Guadalupe M\u00e1rquez Leonardo; el regidor Mart\u00edn Victoriano Espinoza Rold\u00e1n; el director de Recursos Humanos, Pablo Morales Hern\u00e1ndez; la directora de Asuntos Jur\u00eddicos, Martha Patricia Hern\u00e1ndez Guti\u00e9rrez y la tesorera Indira Gonz\u00e1lez Ram\u00edrez.<\/p>\n","protected":false},"excerpt":{"rendered":"<p>*Xalapa es ejemplo de conciliaci\u00f3n entre autoridad y fuerza laboral Xalapa, Ver.- Como muestra de un trabajo intenso para consolidar una administraci\u00f3n p\u00fablica limpia, transparente y de eficiente atenci\u00f3n a la sociedad, el Ayuntamiento y sindicatos forman un equipo en favor de todas las acciones que demanda la poblaci\u00f3n, afirm\u00f3 el presidente municipal Ricardo Ahued [&hellip;]<\/p>\n","protected":false},"author":8,"featured_media":45963,"comment_status":"open","ping_status":"open","sticky":false,"template":"","format":"standard","meta":{"_monsterinsights_skip_tracking":false,"_monsterinsights_sitenote_active":false,"_monsterinsights_sitenote_note":"","_monsterinsights_sitenote_category":0,"footnotes":""},"categories":[156],"tags":[10426,546,1086,1990],"class_list":["post-45961","post","type-post","status-publish","format-standard","has-post-thumbnail","hentry","category-estado","tag-ayuntamiento-de-xalapa","tag-croc","tag-ricardo-ahued","tag-sindicatos","wp-image-borders"],"amp_enabled":true,"_links":{"self":[{"href":"https:\/\/nvnoticias.mx\/index.php\/wp-json\/wp\/v2\/posts\/45961","targetHints":{"allow":["GET"]}}],"collection":[{"href":"https:\/\/nvnoticias.mx\/index.php\/wp-json\/wp\/v2\/posts"}],"about":[{"href":"https:\/\/nvnoticias.mx\/index.php\/wp-json\/wp\/v2\/types\/post"}],"author":[{"embeddable":true,"href":"https:\/\/nvnoticias.mx\/index.php\/wp-json\/wp\/v2\/users\/8"}],"replies":[{"embeddable":true,"href":"https:\/\/nvnoticias.mx\/index.php\/wp-json\/wp\/v2\/comments?post=45961"}],"version-history":[{"count":1,"href":"https:\/\/nvnoticias.mx\/index.php\/wp-json\/wp\/v2\/posts\/45961\/revisions"}],"predecessor-version":[{"id":45964,"href":"https:\/\/nvnoticias.mx\/index.php\/wp-json\/wp\/v2\/posts\/45961\/revisions\/45964"}],"wp:featuredmedia":[{"embeddable":true,"href":"https:\/\/nvnoticias.mx\/index.php\/wp-json\/wp\/v2\/media\/45963"}],"wp:attachment":[{"href":"https:\/\/nvnoticias.mx\/index.php\/wp-json\/wp\/v2\/media?parent=45961"}],"wp:term":[{"taxonomy":"category","embeddable":true,"href":"https:\/\/nvnoticias.mx\/index.php\/wp-json\/wp\/v2\/categories?post=45961"},{"taxonomy":"post_tag","embeddable":true,"href":"https:\/\/nvnoticias.mx\/index.php\/wp-json\/wp\/v2\/tags?post=45961"}],"curies":[{"name":"wp","href":"https:\/\/api.w.org\/{rel}","templated":true}]}}