{"id":45942,"date":"2022-03-18T15:24:43","date_gmt":"2022-03-18T21:24:43","guid":{"rendered":"https:\/\/nvnoticias.mx\/?p=45942"},"modified":"2022-03-18T15:24:44","modified_gmt":"2022-03-18T21:24:44","slug":"no-quiere-daniel-radcliffe-protagonizar-la-pelicula-de-harry-potter-and-the-cursed-child","status":"publish","type":"post","link":"https:\/\/nvnoticias.mx\/index.php\/2022\/03\/18\/no-quiere-daniel-radcliffe-protagonizar-la-pelicula-de-harry-potter-and-the-cursed-child\/","title":{"rendered":"No quiere Daniel Radcliffe protagonizar la pel\u00edcula de Harry Potter and the Cursed Child"},"content":{"rendered":"\n<p>Actualmente, la obra\u00a0<em>Harry Potter and the Cursed Child<\/em>\u00a0se encuentra en Broadway y en otras seis ciudades alrededor del mundo.<\/p>\n\n\n\n<p><em>The Times<\/em>\u00a0se\u00f1al\u00f3 que el director de cine Chris Columbus quiere que\u00a0<strong>Daniel<\/strong>\u00a0repita su papel.<\/p>\n\n\n\n<p>El legendario Harry le dijo a\u00a0<em>The New York Times<\/em>\u00a0en una entrevista reciente que no estar\u00eda interesado en regresar al mundo m\u00e1gico para dicha adaptaci\u00f3n cinematogr\u00e1fica.<\/p>\n\n\n\n<blockquote class=\"wp-block-quote is-layout-flow wp-block-quote-is-layout-flow\"><p>&#8220;Esta no es la respuesta que nadie va a querer, pero creo que pude regresar y disfrutarla porque ya no es parte de mi vida cotidiana&#8221;, dijo Daniel.<\/p><\/blockquote>\n\n\n\n<p>Sin embargo, ofreci\u00f3 un rayo de esperanza para los fans en el futuro. &#8220;Nunca voy a decir nunca&#8221;, agreg\u00f3. &#8220;Pero los muchachos de Star Wars tuvieron como 30 o 40 a\u00f1os antes de regresar. Para m\u00ed, solo han sido 10. No es algo que realmente me interese hacer ahora&#8221;.<\/p>\n\n\n\n<p>En cambio, el actor de 32 a\u00f1os se reuni\u00f3 recientemente con\u00a0<strong>Emma Watson<\/strong>,\u00a0<strong>Rupert Grint<\/strong>\u00a0y el resto del elenco de Hogwarts para la reuni\u00f3n de\u00a0<em>Harry Potter<\/em>\u00a0de\u00a0<em>HBO<\/em>\u00a0Max para conmemorar el 20 aniversario de la franquicia.<\/p>\n\n\n\n<p>Fuente: <a href=\"https:\/\/www.eonline.com\/mx\/news\/1323661\/daniel-radcliffe-confiesa-por-que-no-quiere-protagonizar-la-pelicula-de-harry-potter-and-the-cursed-child\" data-type=\"URL\" data-id=\"https:\/\/www.eonline.com\/mx\/news\/1323661\/daniel-radcliffe-confiesa-por-que-no-quiere-protagonizar-la-pelicula-de-harry-potter-and-the-cursed-child\">E! <\/a><\/p>\n","protected":false},"excerpt":{"rendered":"<p>Actualmente, la obra\u00a0Harry Potter and the Cursed Child\u00a0se encuentra en Broadway y en otras seis ciudades alrededor del mundo. The Times\u00a0se\u00f1al\u00f3 que el director de cine Chris Columbus quiere que\u00a0Daniel\u00a0repita su papel. El legendario Harry le dijo a\u00a0The New York Times\u00a0en una entrevista reciente que no estar\u00eda interesado en regresar al mundo m\u00e1gico para dicha [&hellip;]<\/p>\n","protected":false},"author":35,"featured_media":45946,"comment_status":"open","ping_status":"open","sticky":false,"template":"","format":"standard","meta":{"_monsterinsights_skip_tracking":false,"_monsterinsights_sitenote_active":false,"_monsterinsights_sitenote_note":"","_monsterinsights_sitenote_category":0,"footnotes":""},"categories":[576],"tags":[12089,7820,2866,12090],"class_list":["post-45942","post","type-post","status-publish","format-standard","has-post-thumbnail","hentry","category-ocio","tag-and-the-cursed-child","tag-daniel-radcliffe","tag-harry-potter","tag-protagonizar","wp-image-borders"],"amp_enabled":true,"_links":{"self":[{"href":"https:\/\/nvnoticias.mx\/index.php\/wp-json\/wp\/v2\/posts\/45942","targetHints":{"allow":["GET"]}}],"collection":[{"href":"https:\/\/nvnoticias.mx\/index.php\/wp-json\/wp\/v2\/posts"}],"about":[{"href":"https:\/\/nvnoticias.mx\/index.php\/wp-json\/wp\/v2\/types\/post"}],"author":[{"embeddable":true,"href":"https:\/\/nvnoticias.mx\/index.php\/wp-json\/wp\/v2\/users\/35"}],"replies":[{"embeddable":true,"href":"https:\/\/nvnoticias.mx\/index.php\/wp-json\/wp\/v2\/comments?post=45942"}],"version-history":[{"count":1,"href":"https:\/\/nvnoticias.mx\/index.php\/wp-json\/wp\/v2\/posts\/45942\/revisions"}],"predecessor-version":[{"id":45947,"href":"https:\/\/nvnoticias.mx\/index.php\/wp-json\/wp\/v2\/posts\/45942\/revisions\/45947"}],"wp:featuredmedia":[{"embeddable":true,"href":"https:\/\/nvnoticias.mx\/index.php\/wp-json\/wp\/v2\/media\/45946"}],"wp:attachment":[{"href":"https:\/\/nvnoticias.mx\/index.php\/wp-json\/wp\/v2\/media?parent=45942"}],"wp:term":[{"taxonomy":"category","embeddable":true,"href":"https:\/\/nvnoticias.mx\/index.php\/wp-json\/wp\/v2\/categories?post=45942"},{"taxonomy":"post_tag","embeddable":true,"href":"https:\/\/nvnoticias.mx\/index.php\/wp-json\/wp\/v2\/tags?post=45942"}],"curies":[{"name":"wp","href":"https:\/\/api.w.org\/{rel}","templated":true}]}}